{"id":4080,"date":"2014-09-02T13:50:44","date_gmt":"2014-09-02T11:50:44","guid":{"rendered":"http:\/\/storytellers.se\/?p=4080"},"modified":"2014-09-02T13:50:44","modified_gmt":"2014-09-02T11:50:44","slug":"vad-sysslar-biblioteket-med","status":"publish","type":"post","link":"https:\/\/storytellers.se\/?p=4080","title":{"rendered":"Vad sysslar biblioteket med?"},"content":{"rendered":"<p>Folkbiblioteken utg\u00f6r ett stolt kulturarv i v\u00e5rt samh\u00e4lle. Men nu h\u00e4nder det att de l\u00e4ggs ned och vi l\u00e4ser ibland rysarartiklar om hur de eldar upp b\u00f6cker som ingen l\u00e4ngre intresserar sig f\u00f6r. Biblioteken m\u00e5ste d\u00e4rf\u00f6r bli b\u00e4ttre p\u00e5 att ber\u00e4tta, n\u00e5got som jag tjatar om de g\u00e5nger jag blir inbjuden till dem. Ber\u00e4ttar de inte s\u00e5 vet vi inte.<\/p>\n<p>Jag vet exempelvis att de t\u00e4tar kunskapsluckor som skolan inte har klarat. Det finns l\u00e4xhj\u00e4lp p\u00e5 m\u00e5nga bibliotek och inte minst nyanl\u00e4nda uppt\u00e4cker snart folkbiblioteken som oaser i en bitvis r\u00e4tt torr social \u00f6ken i det nya landet. Man f\u00e5r till och med prata p\u00e5 biblioteket numera, man beh\u00f6ver inte bara viska och tissla och tassla.<\/p>\n<p>N\u00e4r jag var i Norrk\u00f6ping s\u00e5 ber\u00e4ttade man om verksamheterna ute p\u00e5 v\u00e5ra anstalter d\u00e4r m\u00e5nga pappor sitter inl\u00e5sta:<\/p>\n<p>http:\/\/youtu.be\/iRouoLhQIIk<\/p>\n","protected":false},"excerpt":{"rendered":"<p>Folkbiblioteken utg\u00f6r ett stolt kulturarv i v\u00e5rt samh\u00e4lle. Men nu h\u00e4nder det att de l\u00e4ggs ned och vi l\u00e4ser ibland rysarartiklar om hur de eldar upp b\u00f6cker som ingen l\u00e4ngre intresserar sig f\u00f6r. Biblioteken m\u00e5ste d\u00e4rf\u00f6r bli b\u00e4ttre p\u00e5 att ber\u00e4tta, n\u00e5got som jag tjatar om de g\u00e5nger jag blir inbjuden till dem. Ber\u00e4ttar de&#8230;<\/p>\n","protected":false},"author":2,"featured_media":0,"comment_status":"open","ping_status":"open","sticky":false,"template":"","format":"standard","meta":[],"categories":[13],"tags":[],"_links":{"self":[{"href":"https:\/\/storytellers.se\/index.php?rest_route=\/wp\/v2\/posts\/4080"}],"collection":[{"href":"https:\/\/storytellers.se\/index.php?rest_route=\/wp\/v2\/posts"}],"about":[{"href":"https:\/\/storytellers.se\/index.php?rest_route=\/wp\/v2\/types\/post"}],"author":[{"embeddable":true,"href":"https:\/\/storytellers.se\/index.php?rest_route=\/wp\/v2\/users\/2"}],"replies":[{"embeddable":true,"href":"https:\/\/storytellers.se\/index.php?rest_route=%2Fwp%2Fv2%2Fcomments&post=4080"}],"version-history":[{"count":0,"href":"https:\/\/storytellers.se\/index.php?rest_route=\/wp\/v2\/posts\/4080\/revisions"}],"wp:attachment":[{"href":"https:\/\/storytellers.se\/index.php?rest_route=%2Fwp%2Fv2%2Fmedia&parent=4080"}],"wp:term":[{"taxonomy":"category","embeddable":true,"href":"https:\/\/storytellers.se\/index.php?rest_route=%2Fwp%2Fv2%2Fcategories&post=4080"},{"taxonomy":"post_tag","embeddable":true,"href":"https:\/\/storytellers.se\/index.php?rest_route=%2Fwp%2Fv2%2Ftags&post=4080"}],"curies":[{"name":"wp","href":"https:\/\/api.w.org\/{rel}","templated":true}]}}