{"id":4069,"date":"2014-08-13T16:08:35","date_gmt":"2014-08-13T14:08:35","guid":{"rendered":"http:\/\/storytellers.se\/?p=4069"},"modified":"2014-08-13T16:08:35","modified_gmt":"2014-08-13T14:08:35","slug":"nyhetsbrev-92-storyn-ditt-basta-verktyg-frukostinbjudan-26-augusti","status":"publish","type":"post","link":"https:\/\/storytellers.se\/?p=4069","title":{"rendered":"Nyhetsbrev 92: Storyn ditt b\u00e4sta verktyg &amp; frukostinbjudan 26 augusti"},"content":{"rendered":"<p>Nyhetsbrev 92<br \/>\nHej Storytellerv\u00e4n<br \/>\nUtan ber\u00e4ttelser finns inte m\u00e4nniskan och de som har de b\u00e4sta trov\u00e4rdiga och sanna ber\u00e4ttelserna vinner. S\u00e5 \u00e4r det bara. En naturlag skulle man n\u00e4stan kunna kalla det.<br \/>\nMer om det p\u00e5 min fria frukostf\u00f6rel\u00e4sning i Stockholm den 26 augusti. Se l\u00e4ngre ned i nyhetsbrevet hur du anm\u00e4ler dig.<br \/>\nDetta \u00e4r hur som helst det nittioandra nyhetsbrevet fr\u00e5n Storytellers. Det ska vara l\u00e4ttl\u00e4st i alla datorer och \u00e4ven anpassat till dig som vill l\u00e4sa det i mobilen. Du f\u00e5r det f\u00f6r att v\u00e5ra v\u00e4gar har korsats eller f\u00f6r att du uttryckligen har bett om att f\u00e5 det.<br \/>\nJag som skriver det heter <strong>Matts Heijbel<\/strong>. Jag \u00e4r f\u00f6rfattare och journalist med socialantropologisk bakgrund och har arbetat fokuserat p\u00e5 Corporate Storytelling och \/ eller Storytelling i och om organisationer, deras produkter och \/ eller tj\u00e4nster i femton \u00e5rs tid. I privata, offentliga och ideella organisationer. I Sverige och internationellt.<br \/>\n++++++++++++++++++++++++++++++++++++++++++++++++++++++++++++++<br \/>\nStorytelling \u00e4r ett universellt m\u00e4nskligt s\u00e4tt att utrycka sig. Alla m\u00e4nskliga samh\u00e4llen och organisationer har i alla tider lyssnat och ber\u00e4ttat f\u00f6r att f\u00f6rst\u00e5 vilka de \u00e4r, varf\u00f6r de h\u00e5ller p\u00e5 och varf\u00f6r de \u00e4r speciella p\u00e5 n\u00e5got s\u00e4tt.<br \/>\nDet g\u00e4ller f\u00f6rst\u00e5s 2014 ocks\u00e5. I v\u00e5ra konkurrensutsatta f\u00f6retag och organisationer \u00e4r det medvetna ber\u00e4ttandet fortfarande ett underutnyttjat verktyg f\u00f6r att vinna f\u00f6rdelar. Ber\u00e4ttelser kan ocks\u00e5 bifoga merv\u00e4rden till varor och tj\u00e4nster som \u00f6kar deras v\u00e4rde och bidrar till flockens framg\u00e5ng.<br \/>\nOavsett om vi ser det eller inte s\u00e5 \u00e4r v\u00e5ra verksamheter ber\u00e4ttande \u00e4ven om vi inte tagit tag i verktyget och satt det i arbete f\u00f6r att f\u00e5 framg\u00e5ng och f\u00f6r att befolka v\u00e5ra varum\u00e4rken.<br \/>\n++++++++++++++++++++++++++++++++++++++++++++++++++++++++++++++<br \/>\nIbland kan den personliga ber\u00e4ttelsen adderas till organisationsber\u00e4ttelsen. Jag minns n\u00e4r jag i ett EU-sammanhang fr\u00e5gade en kvinna fr\u00e5n Portugal vad det var som gjorde att hon s\u00e5 passionerat ville arbeta inom EU-byr\u00e5kratin. Det kom n\u00e4mligen aldrig fram eftersom hon talade organisation inte upplevelse n\u00e4r hon f\u00f6rel\u00e4ste.<br \/>\nJag tjatade p\u00e5 henne och fr\u00e5gade vad det var som h\u00e4nde n\u00e5gon g\u00e5ng i hennes liv som senare ledde till att hon i dag arbetade f\u00f6r ett gr\u00e4nsl\u00f6st Europa.<br \/>\nD\u00e5 mindes hon:<br \/>\nHon kom ih\u00e5g att familjen hade \u00e5kt p\u00e5 campingsemestrar med bil n\u00e4r hon och syskonen var sm\u00e5. De reste mellan olika campingplatser i syd- och mellaneuropa.<br \/>\nDe slog upp sitt t\u00e4lt och bodde n\u00e5gra dagar p\u00e5 varje st\u00e4lle. Manuela hittade snart de andra barnen som fanns d\u00e4r och lekte hela dagarna trots att de talade olika spr\u00e5k. Hon tr\u00e4ffade tyska barn, franska barn, holl\u00e4ndska barn, svenska barn och barn fr\u00e5n Italien och Grekland.<br \/>\nM\u00e5nga av dessa nyfunna kamrater blev s\u00e5 sm\u00e5ningom brevv\u00e4nner och Manuela fylldes av insikten att v\u00e4rlden \u00e4r s\u00e5 mycket st\u00f6rre \u00e4n den hon hade vuxit upp i i norra Portugal. Hon ville d\u00e4rf\u00f6r ( \u00e4n i dag ) tr\u00e4ffa fler med andra erfarenheter och hon ville &#8221;leka med dem&#8221; och l\u00e4ra k\u00e4nna dem.<br \/>\nDet var ytterst campingerfarenheterna som f\u00f6rde henne till jobbet som EU-byr\u00e5krat. Det \u00e4r en EU-story och det \u00e4r f\u00f6rst\u00e5s d\u00e4r n\u00e5gonstans hon ska inleda sina f\u00f6rel\u00e4sningar om EU.<br \/>\nInte med sin befattning, sin plats i den byr\u00e5kratska organisationen. Utan med en personlig ber\u00e4ttelse som s\u00e4tter tonen f\u00f6r resten av f\u00f6rel\u00e4sningen och befolkar varum\u00e4rket EU.<br \/>\n\u2013 Jag har aldrig t\u00e4nkt p\u00e5 det s\u00e5, sa hon.<br \/>\n++++++++++++++++++++++++++++++++++++++++++++++++++++++++++++++<br \/>\nNu \u00e4r det f\u00f6rh\u00f6st och ni i f\u00f6retagen och organisationerna planerar h\u00f6sten och h\u00f6stens aktiviteter. Kanske kick-offer och personaldagar, kommunikationsutmaningar med mera. Kanske man skulle kunna ta med storytellingkoncepten i tankarna?<br \/>\nStorytelling \u00e4r ett fantastiskt verktyg som man kan st\u00e4lla in p\u00e5 rekrytering, s\u00e4lj, marknadsf\u00f6ring, ledarskap eller organisationsutveckling. Vet man vad man vill \u00e5stadkomma s\u00e5 \u00e4r det dags att rigga verktyget.<br \/>\nJag kommer den n\u00e4rmaste m\u00e5naden att arbeta med statliga myndigheter, bostadsf\u00f6retag, skolor, mus\u00e9er och kvinnors n\u00e4tverk. Jag kommer ocks\u00e5 att ha seminarier och undervisa i \u00e4mnet.<br \/>\n++++++++++++++++++++++++++++++++++++++++++++++++++++++++++++++<br \/>\nVi n\u00e4rmar oss valet. Jag har under \u00e5ren haft seminarieuppdrag i flera politiska sammanhang och jag f\u00f6rundras \u00f6ver vad d\u00e5ligt partierna tar tag i ber\u00e4ttandet. Jag vet att de talar om ber\u00e4ttelserna och att m\u00e5nga tror att de h\u00e5ller p\u00e5 med storytelling. Men det finns mycket mer att g\u00f6ra.<br \/>\nDessutom ska man vara medveten om att de kraftfullaste ber\u00e4ttelserna kan f\u00f6rflytta berg. \u00c4ven s\u00e5dana som man inte sj\u00e4lv har initierat. De som varit med n\u00e5gra \u00e5r vet till exempel att <strong>Astrid Lindgrens<\/strong> ber\u00e4ttelse om <em>Pomperipossa<\/em> f\u00e4llde en hel regering en g\u00e5ng i tiden. Det var hon som betalade 102 procent i skatt och m\u00f6ttes av en arrogans av d\u00e5varande finansminister Str\u00e4ng som ytterst ledde till att regeringen f\u00f6ll.<br \/>\nS\u00e5 ber\u00e4ttelsen finns d\u00e4r. Vill du vara med att p\u00e5verka vad som s\u00e4gs, hur snacket g\u00e5r? D\u00e5 \u00e4r det dags b\u00e5de i ekonomi och politik att reflektera \u00f6ver de h\u00e4r fr\u00e5gorna.<br \/>\n++++++++++++++++++++++++++++++++++++++++++++++++++++++++++++++<br \/>\nF\u00f6r n\u00e5gra m\u00e5nader sedan kom den tredje omarbetade upplagan av min bok <strong><em>Storytelling befolkar varum\u00e4rket<\/em><\/strong>. Den kan du best\u00e4lla till f\u00f6rlagspris f\u00f6r 250 sek inkl moms och porto om du Sms:ar bokbest\u00e4llning med fakturaadress till matts@storytellers.se s\u00e5 kommer boken direkt fr\u00e5n f\u00f6rlaget med faktura. Det \u00e4r billigare \u00e4n i bokhandeln.<br \/>\nVill du komma som min personliga g\u00e4st p\u00e5 frukostseminarium p\u00e5 S\u00f6dermalm i Stockholm den 26 augusti s\u00e5 ser du flera detaljer om detta och hur du anm\u00e4ler dig om du g\u00e5r in och l\u00e4ser p\u00e5 www.storytellers.se<br \/>\n++++++++++++++++++++++++++++++++++++++++++++++++++++++++++++++<br \/>\nDet var allt f\u00f6r den h\u00e4r g\u00e5ngen. Jag som skrev heter Matts Heijbel. Vill du inte vara med l\u00e4ngre s\u00e5 v\u00e4nd detta brev med ett Nej tack! s\u00e5 tar vi bort dig ur s\u00e4ndlistan.<br \/>\nH\u00e4lsningar fr\u00e5n Matts Heijbel<br \/>\nStockholm \/ Gr\u00f6dinge<br \/>\n13 augusti 2014<\/p>\n","protected":false},"excerpt":{"rendered":"<p>Nyhetsbrev 92 Hej Storytellerv\u00e4n Utan ber\u00e4ttelser finns inte m\u00e4nniskan och de som har de b\u00e4sta trov\u00e4rdiga och sanna ber\u00e4ttelserna vinner. S\u00e5 \u00e4r det bara. En naturlag skulle man n\u00e4stan kunna kalla det. Mer om det p\u00e5 min fria frukostf\u00f6rel\u00e4sning i Stockholm den 26 augusti. Se l\u00e4ngre ned i nyhetsbrevet hur du anm\u00e4ler dig. Detta \u00e4r&#8230;<\/p>\n","protected":false},"author":2,"featured_media":0,"comment_status":"open","ping_status":"open","sticky":false,"template":"","format":"standard","meta":[],"categories":[8],"tags":[],"_links":{"self":[{"href":"https:\/\/storytellers.se\/index.php?rest_route=\/wp\/v2\/posts\/4069"}],"collection":[{"href":"https:\/\/storytellers.se\/index.php?rest_route=\/wp\/v2\/posts"}],"about":[{"href":"https:\/\/storytellers.se\/index.php?rest_route=\/wp\/v2\/types\/post"}],"author":[{"embeddable":true,"href":"https:\/\/storytellers.se\/index.php?rest_route=\/wp\/v2\/users\/2"}],"replies":[{"embeddable":true,"href":"https:\/\/storytellers.se\/index.php?rest_route=%2Fwp%2Fv2%2Fcomments&post=4069"}],"version-history":[{"count":0,"href":"https:\/\/storytellers.se\/index.php?rest_route=\/wp\/v2\/posts\/4069\/revisions"}],"wp:attachment":[{"href":"https:\/\/storytellers.se\/index.php?rest_route=%2Fwp%2Fv2%2Fmedia&parent=4069"}],"wp:term":[{"taxonomy":"category","embeddable":true,"href":"https:\/\/storytellers.se\/index.php?rest_route=%2Fwp%2Fv2%2Fcategories&post=4069"},{"taxonomy":"post_tag","embeddable":true,"href":"https:\/\/storytellers.se\/index.php?rest_route=%2Fwp%2Fv2%2Ftags&post=4069"}],"curies":[{"name":"wp","href":"https:\/\/api.w.org\/{rel}","templated":true}]}}