{"id":4061,"date":"2014-07-26T11:43:39","date_gmt":"2014-07-26T09:43:39","guid":{"rendered":"http:\/\/storytellers.se\/?p=4061"},"modified":"2014-07-26T11:43:39","modified_gmt":"2014-07-26T09:43:39","slug":"storytelling-som-strategiskt-verktyg","status":"publish","type":"post","link":"https:\/\/storytellers.se\/?p=4061","title":{"rendered":"Storytelling som strategiskt verktyg"},"content":{"rendered":"<p>Jag f\u00e5r ibland fr\u00e5gan om Storytelling alltid m\u00e5ste hylla f\u00f6retaget och arbetsgivaren. Jag har tr\u00e4ffat fackliga f\u00f6retr\u00e4dare fr\u00e5n \u00c4lmhult som sagt sig vara tr\u00f6tta p\u00e5 det de kallar Kampradfj\u00e4sket. Jag har svarat att alla organisationer har tillg\u00e5ng till det strategiska verktyg som <em>Corporate Storytelling<\/em> erbjuder. Och det finns ocks\u00e5 fackliga f\u00f6rbund som h\u00e5ller p\u00e5 med detta.<\/p>\n<p>Jag har ocks\u00e5 tr\u00e4ffat flera politiska ungdomsf\u00f6rbund och guidat dem in i storytellingens fantastiska v\u00e4rld. F\u00f6r ungdomarna, uppvuxna i den sociala webbens sammanhang, \u00e4r detta sj\u00e4lvklarheter. De f\u00f6rst\u00e5r. P\u00e5 bara n\u00e5gra timmar f\u00e5r vi fram h\u00e4ndelsebaserade ber\u00e4ttelser som moderpartiernas partiorganisationer inte kommer i n\u00e4rheten av trots m\u00e5ngmiljonbudgetar.<\/p>\n<p>P\u00e5 sin h\u00f6jd h\u00f6r man politikerna tala att de tr\u00e4ffat en undersk\u00f6terska i Rinkeby och de tror d\u00e5 att de h\u00e5ller p\u00e5 med storytelling.<\/p>\n<p>Ig\u00e5r l\u00e4ste jag i kv\u00e4llstidningarna n\u00e5got som man till och med skulle kunna kalla kungahusstorytelling. Jag har haft representanter fr\u00e5n <em>World Childhood Foundation<\/em> p\u00e5 mina seminarier och jag ser att de faktiskt i viss m\u00e5n anv\u00e4nder sig h\u00e4r och d\u00e4r av sm\u00e5 enkla h\u00e4ndelsebaserade \u00f6gonblick som p\u00e5verkat utvecklingen av verksamheten.<\/p>\n<p><strong>Drottning Silvia<\/strong> ber\u00e4ttar exempelvis om ett specifikt m\u00f6te i slutet av 90-talet med en flicka p\u00e5 en v\u00e4rldskongress som uppm\u00e4rksammade henne om exploateringen av barn. Flicka hade varit utsatt f\u00f6r sexuell exploatering. Silvia f\u00f6rstod efter det m\u00f6tet den enorma globala exploateringen av barn. D\u00e4r f\u00f6ddes id\u00e9n om Chilhoodarbetet. Detta \u00e4r h\u00e4ndelsebaserat ber\u00e4ttande.<\/p>\n<p>Nu ber\u00e4ttar <strong>Prinsessan Madeleine<\/strong> om en specifik h\u00e4ndelse som p\u00e5verkat hennes tankar. Hon fick n\u00e4mligen som barn en kanin av mamma Silvia och minns just det \u00f6gonblicket som i g\u00e5r:<\/p>\n<p>&#8221;Den var fluffig och hade l\u00e5nga bruna \u00f6ron. Det var k\u00e4rlek vid f\u00f6rsta \u00f6gonkastet och jag var otroligt glad. Min mamma sa, med sin lyssna-noga-p\u00e5-mig-r\u00f6st att <em>med den h\u00e4r kaninen kommer ocks\u00e5 ansvar. Du m\u00e5ste ta hand om din kanin med k\u00e4rlek och respekt<\/em>.&#8221;<\/p>\n<p>Detta \u00f6gonblick har, s\u00e4ger Madeleine, stannat hos henne och guidar henne \u00e4n i dag i arbetet med Childhood.<\/p>\n<p>Konstigare beh\u00f6ver det inte vara. Fr\u00e5n abstrakta svepande resonemang typ: <em>\u00e4nda sedan barndomen har hon haft tanken att ta hand om andra<\/em>&#8230;. kan man ber\u00e4tta om n\u00e5gon verklig h\u00e4ndelse som befolkar detta p\u00e5st\u00e5ende.<\/p>\n<p>Ber\u00e4ttelserna finns d\u00e4r och kan s\u00e4ttas i arbete.<\/p>\n","protected":false},"excerpt":{"rendered":"<p>Jag f\u00e5r ibland fr\u00e5gan om Storytelling alltid m\u00e5ste hylla f\u00f6retaget och arbetsgivaren. Jag har tr\u00e4ffat fackliga f\u00f6retr\u00e4dare fr\u00e5n \u00c4lmhult som sagt sig vara tr\u00f6tta p\u00e5 det de kallar Kampradfj\u00e4sket. Jag har svarat att alla organisationer har tillg\u00e5ng till det strategiska verktyg som Corporate Storytelling erbjuder. Och det finns ocks\u00e5 fackliga f\u00f6rbund som h\u00e5ller p\u00e5 med&#8230;<\/p>\n","protected":false},"author":2,"featured_media":0,"comment_status":"open","ping_status":"open","sticky":false,"template":"","format":"standard","meta":[],"categories":[2],"tags":[],"_links":{"self":[{"href":"https:\/\/storytellers.se\/index.php?rest_route=\/wp\/v2\/posts\/4061"}],"collection":[{"href":"https:\/\/storytellers.se\/index.php?rest_route=\/wp\/v2\/posts"}],"about":[{"href":"https:\/\/storytellers.se\/index.php?rest_route=\/wp\/v2\/types\/post"}],"author":[{"embeddable":true,"href":"https:\/\/storytellers.se\/index.php?rest_route=\/wp\/v2\/users\/2"}],"replies":[{"embeddable":true,"href":"https:\/\/storytellers.se\/index.php?rest_route=%2Fwp%2Fv2%2Fcomments&post=4061"}],"version-history":[{"count":0,"href":"https:\/\/storytellers.se\/index.php?rest_route=\/wp\/v2\/posts\/4061\/revisions"}],"wp:attachment":[{"href":"https:\/\/storytellers.se\/index.php?rest_route=%2Fwp%2Fv2%2Fmedia&parent=4061"}],"wp:term":[{"taxonomy":"category","embeddable":true,"href":"https:\/\/storytellers.se\/index.php?rest_route=%2Fwp%2Fv2%2Fcategories&post=4061"},{"taxonomy":"post_tag","embeddable":true,"href":"https:\/\/storytellers.se\/index.php?rest_route=%2Fwp%2Fv2%2Ftags&post=4061"}],"curies":[{"name":"wp","href":"https:\/\/api.w.org\/{rel}","templated":true}]}}