{"id":4054,"date":"2014-06-23T14:30:32","date_gmt":"2014-06-23T12:30:32","guid":{"rendered":"http:\/\/storytellers.se\/?p=4054"},"modified":"2014-06-23T14:30:32","modified_gmt":"2014-06-23T12:30:32","slug":"da-nu-och-sen","status":"publish","type":"post","link":"https:\/\/storytellers.se\/?p=4054","title":{"rendered":"D\u00e5, Nu och Sen&#8230;"},"content":{"rendered":"<p>N\u00e4r man talar om <em>H\u00e4ndelsebaserad Storytelling<\/em>, som jag g\u00f6r mest hela tiden, s\u00e5 hamnar man ofta i skapelsebaserade ber\u00e4ttelser om hur det hela b\u00f6rjade. M\u00e5nga har n\u00e4stan f\u00e5tt f\u00f6r sig att det \u00e4r &#8221;<em><strong>D\u00e5:et<\/strong><\/em>&#8221; som \u00e4r Storytelling.<\/p>\n<p>F\u00f6ljaktligen f\u00e5r vi l\u00e4sa i <em>Expressen<\/em> att id\u00e9n till <em>V\u00e4tternrundan<\/em> f\u00f6ddes en regnig sommardag f\u00f6r 50 \u00e5r sedan n\u00e4r professorn och Motalasonen <strong>Sten-Otto Liljedahl<\/strong> fick f\u00f6r sig att han skulle cykla runt V\u00e4ttern. Hans fru <strong>Ingrid<\/strong> h\u00e4ngde p\u00e5 och s\u00e5g framf\u00f6r sig hur se skulle \u00f6vernatta och \u00e4ta goda middagar.<br \/>\nD\u00e5 gick de till cykelaff\u00e4ren och cykelhandlaren <strong>Ewert Rydell<\/strong> sa att de ju kunde f\u00e5 punktering d\u00e4rf\u00f6r erbj\u00f6d han sig att f\u00f6lja med. S\u00e5 de gav sig iv\u00e4g. Tv\u00e5 \u00e5r senare k\u00f6rdes den f\u00f6rsta officiella rundan.<br \/>\nI \u00e5r var det \u00f6ver 36.000 anm\u00e4lda.<\/p>\n<p>Eller <em>Dreamhack<\/em> som h\u00e5lls i J\u00f6nk\u00f6ping. Den b\u00f6rjade, enligt <em>Aftonbladet<\/em>, med att n\u00e5gra ton\u00e5ringar, <strong>Martin \u00d6jes<\/strong> och <strong>Kenny Eklund<\/strong> f\u00f6r 20 \u00e5r sedan best\u00e4mde sig f\u00f6r att arrangera en datortr\u00e4ff i skolmatsalen i Malung. De ritade affischer och kopierade dem i skolans kopieringsapparat. N\u00e4stan 22.000 sl\u00f6t upp i J\u00f6nk\u00f6ping f\u00f6rra veckan.<\/p>\n<p>Visst \u00e4r det kul med skapelseber\u00e4ttelserna men jag tvingas i alla dessa sammanhang p\u00e5minna om <strong><em>Nu<\/em><\/strong> och <strong><em>Sen<\/em><\/strong>. Hela tidslinjen ska fyllas om Corporate Storytelling ska f\u00e5 full effekt.<br \/>\nI Sen:et sk\u00e5dar vi in i framtiden med hj\u00e4lp av ber\u00e4ttelser.<br \/>\nJag funderar mycket i dessa tankebanor \u00f6ver att man kan ber\u00e4tta sig in i framtiden och jag hoppas att n\u00e4sta bok ska koncentrera sig r\u00e4tt mycket p\u00e5 dessa visionsber\u00e4ttelser som drar oss fram\u00e5t.<\/p>\n","protected":false},"excerpt":{"rendered":"<p>N\u00e4r man talar om H\u00e4ndelsebaserad Storytelling, som jag g\u00f6r mest hela tiden, s\u00e5 hamnar man ofta i skapelsebaserade ber\u00e4ttelser om hur det hela b\u00f6rjade. M\u00e5nga har n\u00e4stan f\u00e5tt f\u00f6r sig att det \u00e4r &#8221;D\u00e5:et&#8221; som \u00e4r Storytelling. F\u00f6ljaktligen f\u00e5r vi l\u00e4sa i Expressen att id\u00e9n till V\u00e4tternrundan f\u00f6ddes en regnig sommardag f\u00f6r 50 \u00e5r sedan&#8230;<\/p>\n","protected":false},"author":2,"featured_media":0,"comment_status":"open","ping_status":"open","sticky":false,"template":"","format":"standard","meta":[],"categories":[2],"tags":[],"_links":{"self":[{"href":"https:\/\/storytellers.se\/index.php?rest_route=\/wp\/v2\/posts\/4054"}],"collection":[{"href":"https:\/\/storytellers.se\/index.php?rest_route=\/wp\/v2\/posts"}],"about":[{"href":"https:\/\/storytellers.se\/index.php?rest_route=\/wp\/v2\/types\/post"}],"author":[{"embeddable":true,"href":"https:\/\/storytellers.se\/index.php?rest_route=\/wp\/v2\/users\/2"}],"replies":[{"embeddable":true,"href":"https:\/\/storytellers.se\/index.php?rest_route=%2Fwp%2Fv2%2Fcomments&post=4054"}],"version-history":[{"count":0,"href":"https:\/\/storytellers.se\/index.php?rest_route=\/wp\/v2\/posts\/4054\/revisions"}],"wp:attachment":[{"href":"https:\/\/storytellers.se\/index.php?rest_route=%2Fwp%2Fv2%2Fmedia&parent=4054"}],"wp:term":[{"taxonomy":"category","embeddable":true,"href":"https:\/\/storytellers.se\/index.php?rest_route=%2Fwp%2Fv2%2Fcategories&post=4054"},{"taxonomy":"post_tag","embeddable":true,"href":"https:\/\/storytellers.se\/index.php?rest_route=%2Fwp%2Fv2%2Ftags&post=4054"}],"curies":[{"name":"wp","href":"https:\/\/api.w.org\/{rel}","templated":true}]}}