{"id":4045,"date":"2014-06-09T12:05:02","date_gmt":"2014-06-09T10:05:02","guid":{"rendered":"http:\/\/storytellers.se\/?p=4045"},"modified":"2014-06-09T12:05:02","modified_gmt":"2014-06-09T10:05:02","slug":"marimekkos-designer-gav-sig-inte","status":"publish","type":"post","link":"https:\/\/storytellers.se\/?p=4045","title":{"rendered":"Marimekkos designer gav sig inte"},"content":{"rendered":"<p>Det har g\u00e5tt 50 \u00e5r sedan <em>Marimekko<\/em> b\u00f6rjade trycka sitt k\u00e4nda blomm\u00f6nster <a href=\"http:\/\/www.google.se\/search?q=marimekko&amp;source=lnms&amp;tbm=isch&amp;sa=X&amp;ei=l4WVU96XJufQ7AbBnoDgDw&amp;sqi=2&amp;ved=0CAYQ_AUoAQ&amp;biw=1268&amp;bih=589#facrc=_&amp;imgdii=_&amp;imgrc=qfe_ld_4XcOVWM%253A%3BjBABGciByMSMTM%3Bhttp%253A%252F%252Fallanpeters.com%252Fwp-content%252Fuploads%252FUnikko2%252BMaija%252BIsola.jpg%3Bhttp%253A%252F%252Fallanpeters.com%252Fblog%252F2013%252F02%252F07%252Fsecret-of-marimekko%252F%3B1600%3B1063\">Unikko<\/a>. Vad var det som h\u00e4nde?<br \/>\nDet var designern <strong>Maija Isola<\/strong> som i protest skapade blomma p\u00e5 blomma \u00e4nda tills Marimekkos grundare <strong>Armi Ratia<\/strong> gav med sig och sa okay till det m\u00f6nster som hon f\u00f6rst avvisade men som visade sig bli en v\u00e4rldssucc\u00e9. Rockkl\u00e4nningarna blev, l\u00e4ser jag i Aftonbladet, en symbol f\u00f6r den yrkesarbetande kvinnan. 1966 trycktes 1,5 kilometer Maija Isola-m\u00f6nster om dagen. \u00c4n i dag lever blommorna. Det var tur att hon inte gav sig f\u00f6r 50 \u00e5r sedan, Maija.<br \/>\nMarimekko hade p\u00e5 sin tid god medvind n\u00e4r <strong>Jackie Kennedy<\/strong> anv\u00e4nde deras kl\u00e4der och tryck.<\/p>\n","protected":false},"excerpt":{"rendered":"<p>Det har g\u00e5tt 50 \u00e5r sedan Marimekko b\u00f6rjade trycka sitt k\u00e4nda blomm\u00f6nster Unikko. Vad var det som h\u00e4nde? Det var designern Maija Isola som i protest skapade blomma p\u00e5 blomma \u00e4nda tills Marimekkos grundare Armi Ratia gav med sig och sa okay till det m\u00f6nster som hon f\u00f6rst avvisade men som visade sig bli en&#8230;<\/p>\n","protected":false},"author":2,"featured_media":0,"comment_status":"open","ping_status":"open","sticky":false,"template":"","format":"standard","meta":[],"categories":[9],"tags":[],"_links":{"self":[{"href":"https:\/\/storytellers.se\/index.php?rest_route=\/wp\/v2\/posts\/4045"}],"collection":[{"href":"https:\/\/storytellers.se\/index.php?rest_route=\/wp\/v2\/posts"}],"about":[{"href":"https:\/\/storytellers.se\/index.php?rest_route=\/wp\/v2\/types\/post"}],"author":[{"embeddable":true,"href":"https:\/\/storytellers.se\/index.php?rest_route=\/wp\/v2\/users\/2"}],"replies":[{"embeddable":true,"href":"https:\/\/storytellers.se\/index.php?rest_route=%2Fwp%2Fv2%2Fcomments&post=4045"}],"version-history":[{"count":0,"href":"https:\/\/storytellers.se\/index.php?rest_route=\/wp\/v2\/posts\/4045\/revisions"}],"wp:attachment":[{"href":"https:\/\/storytellers.se\/index.php?rest_route=%2Fwp%2Fv2%2Fmedia&parent=4045"}],"wp:term":[{"taxonomy":"category","embeddable":true,"href":"https:\/\/storytellers.se\/index.php?rest_route=%2Fwp%2Fv2%2Fcategories&post=4045"},{"taxonomy":"post_tag","embeddable":true,"href":"https:\/\/storytellers.se\/index.php?rest_route=%2Fwp%2Fv2%2Ftags&post=4045"}],"curies":[{"name":"wp","href":"https:\/\/api.w.org\/{rel}","templated":true}]}}