{"id":4027,"date":"2014-04-26T09:16:01","date_gmt":"2014-04-26T07:16:01","guid":{"rendered":"http:\/\/storytellers.se\/?p=4027"},"modified":"2014-04-26T09:16:01","modified_gmt":"2014-04-26T07:16:01","slug":"kurs-20-maj-i-stockholm","status":"publish","type":"post","link":"https:\/\/storytellers.se\/?p=4027","title":{"rendered":"Kurs 20 maj i Stockholm"},"content":{"rendered":"<p>Den 20 maj h\u00e5ller jag en halvdagsutbildning tillsammans med Mis, Marknadsf\u00f6reningen i Stockholm. Det var faktiskt Mis som en g\u00e5ng, f\u00f6re alla andra, f\u00f6rstod och nappade p\u00e5 mina storytellingresonemang. De var allra f\u00f6rst med att anlita mig att h\u00e5lla storytellingkurser f\u00f6r mer \u00e4n tio \u00e5r sedan. Vi hade l\u00e5nga riktiga utbildningar som kunde str\u00e4cka sig \u00f6ver sex veckor med kurstillf\u00e4lle varje vecka. L\u00e4s mer om denna, den aktuella halvdagsutbildningen 20 maj <a href=\"http:\/\/www.mis.se\/event\/storytelling\/#.UzHjiCj5LH4\">h\u00e4r<\/a>. <\/p>\n","protected":false},"excerpt":{"rendered":"<p>Den 20 maj h\u00e5ller jag en halvdagsutbildning tillsammans med Mis, Marknadsf\u00f6reningen i Stockholm. Det var faktiskt Mis som en g\u00e5ng, f\u00f6re alla andra, f\u00f6rstod och nappade p\u00e5 mina storytellingresonemang. De var allra f\u00f6rst med att anlita mig att h\u00e5lla storytellingkurser f\u00f6r mer \u00e4n tio \u00e5r sedan. Vi hade l\u00e5nga riktiga utbildningar som kunde str\u00e4cka sig&#8230;<\/p>\n","protected":false},"author":2,"featured_media":0,"comment_status":"open","ping_status":"open","sticky":false,"template":"","format":"standard","meta":[],"categories":[7],"tags":[],"_links":{"self":[{"href":"https:\/\/storytellers.se\/index.php?rest_route=\/wp\/v2\/posts\/4027"}],"collection":[{"href":"https:\/\/storytellers.se\/index.php?rest_route=\/wp\/v2\/posts"}],"about":[{"href":"https:\/\/storytellers.se\/index.php?rest_route=\/wp\/v2\/types\/post"}],"author":[{"embeddable":true,"href":"https:\/\/storytellers.se\/index.php?rest_route=\/wp\/v2\/users\/2"}],"replies":[{"embeddable":true,"href":"https:\/\/storytellers.se\/index.php?rest_route=%2Fwp%2Fv2%2Fcomments&post=4027"}],"version-history":[{"count":0,"href":"https:\/\/storytellers.se\/index.php?rest_route=\/wp\/v2\/posts\/4027\/revisions"}],"wp:attachment":[{"href":"https:\/\/storytellers.se\/index.php?rest_route=%2Fwp%2Fv2%2Fmedia&parent=4027"}],"wp:term":[{"taxonomy":"category","embeddable":true,"href":"https:\/\/storytellers.se\/index.php?rest_route=%2Fwp%2Fv2%2Fcategories&post=4027"},{"taxonomy":"post_tag","embeddable":true,"href":"https:\/\/storytellers.se\/index.php?rest_route=%2Fwp%2Fv2%2Ftags&post=4027"}],"curies":[{"name":"wp","href":"https:\/\/api.w.org\/{rel}","templated":true}]}}