{"id":4007,"date":"2014-04-16T13:23:54","date_gmt":"2014-04-16T11:23:54","guid":{"rendered":"http:\/\/storytellers.se\/?p=4007"},"modified":"2014-04-16T13:23:54","modified_gmt":"2014-04-16T11:23:54","slug":"var-min-gast-24-april-och-kop-boken-da-om-du-vill","status":"publish","type":"post","link":"https:\/\/storytellers.se\/?p=4007","title":{"rendered":"Nyhetsbrev 89: Var min g\u00e4st 24 april &#8211; och k\u00f6p boken d\u00e5 om du vill"},"content":{"rendered":"<p>Hej Storytellerv\u00e4n<\/p>\n<p>S\u00e5 \u00e4r det dags f\u00f6r det \u00e5ttionionde nyhetsbrevet fr\u00e5n <strong>Storytellers<\/strong>. Det f\u00f6rsta kom redan f\u00f6r drygt 10 \u00e5r sedan, i september 2003. I dessa brev har jag envist propagerat, exemplifierat och missionerat f\u00f6r <em>Corporate Storytelling in and about organizations<\/em>. De finns alla i arkiv p\u00e5 storytellers.se<\/p>\n<p>I dagarna har den tredje ut\u00f6kade upplagan av min bok: <strong>Storytelling befolkar varum\u00e4rket<\/strong> kommit fr\u00e5n trycket. Du, som \u00e4r en av m\u00e5nga tusen nyhetsbrevsf\u00f6ljare, har nu m\u00f6jlighet att k\u00f6pa ett eller flera exemplar direkt fr\u00e5n f\u00f6rlaget f\u00f6r 240 sek inkl moms och porto, l\u00e5ngt billigare \u00e4n i bokhandeln. Men mer om det l\u00e4ngre ned liksom om flera seminarier jag har i Stockholm 24 april,  i G\u00f6teborg 13 maj och i Stockholm den 20 maj.<\/p>\n<p>++++++++++++++++++++++++++++++++++++++++++++++<\/p>\n<p>Polisf\u00f6rbundet f\u00f6r en facklig kamp f\u00f6r h\u00f6gre l\u00f6n under slagordet: \u201dVad \u00e4r det v\u00e4rt\u201d?<\/p>\n<p>S\u00e5 h\u00e4r kan det l\u00e5ta i polisens twitterfl\u00f6de:<\/p>\n<p><em>\u201dAtt hindra flicka som hoppar framf\u00f6r t\u00e5g och tv\u00e5 \u00e5r senare kontaktas av mamman som ber\u00e4ttar att polisens insats var v\u00e4ndpunkten -vad \u00e4r det v\u00e4rt?\u201d<\/em><\/p>\n<p>Eller:<\/p>\n<p><em>\u201dSpenderat fem timmar med att h\u00e5lla nybliven \u00e4nkas hand och tr\u00f6sta \u2013 vad \u00e4r det v\u00e4rt?\u201d<\/em><\/p>\n<p>Eller:<\/p>\n<p><em>\u201dHar firat tolvslaget p\u00e5 ny\u00e5rsafton med kollega i arresten, h\u00e5llandes varsin hink framf\u00f6r spyende ton\u00e5ringar \u2013 vad \u00e4r det v\u00e4rt?\u201d<\/em><\/p>\n<p>Detta \u00e4r faktiskt ett slags storytellinggrepp. Polisen s\u00e4ger inte h\u00e4r abstrakt att man r\u00e4ddar och skyddar och levererar trygghet i samh\u00e4llet eller liknande. Inte heller att man finns, typ n\u00e4r m\u00e4nniskor \u00e4r i n\u00f6d. Vilket ju i och f\u00f6r sig \u00e4r sant.<\/p>\n<p>Man tar ist\u00e4llet ett h\u00e4ndelsebaserat grepp och \u00f6ppnar twitterfl\u00f6dena. Vad var det som h\u00e4nde? Man befolkar kortfattat beskrivningen av sitt arbete. Detta \u00e4r grunden i storytellingber\u00e4ttandet. D\u00e5 f\u00e5r inte organisationssnacket plats.<\/p>\n<p>Vad var det som h\u00e4nde? Beskriv det och befolka h\u00e4ndelsen d\u00e5 uppst\u00e5r bilder som visar meningen och nyttan med verksamheten. S\u00e5 enkelt kan det ibland vara att ta steget fr\u00e5n abstrakt teoretiserande till verklighetsbaserat ber\u00e4ttande.<\/p>\n<p>Hoppa \u00f6ver f\u00f6rspelet. S\u00e4tt en scen. Befolka och driv fram ett dramaturgiskt klimax. Avrunda g\u00e4rna med en egen reflektion.<\/p>\n<p>++++++++++++++++++++++++++++++++++++++++++++++<\/p>\n<p>Det \u00e4r s\u00e5 jag driver p\u00e5 i mina sk\u00f6rdefester d\u00e4r vi s\u00f6ker, finner och sk\u00f6rdar ber\u00e4ttelser som sedan kan s\u00e4ttas i arbete direkt i rekrytering, ledarskap, s\u00e4lj och marknadsf\u00f6ring.<\/p>\n<p>Ofta har jag med mig filmare ur mitt n\u00e4tverk s\u00e5 att vi direkt i anslutning kan \u201ds\u00e4tta\u201d ber\u00e4ttelserna i en enda tagning. D\u00e5 coachar jag ber\u00e4ttarna att hoppa \u00f6ver organisationssnack, siffror och artigheter. Det hela b\u00e4rs av grundmantrat: <strong>Vad var det som h\u00e4nde?<\/strong><\/p>\n<p>++++++++++++++++++++++++++++++++++++++++++++++<\/p>\n<p>Sen senast har jag bland andra jobbat med <strong>Svensk Energi<\/strong> och <strong>Svensk Fj\u00e4rrv\u00e4rme<\/strong> som arbetar med vad de ibland kallar l\u00e5gintresseprodukter. Jag tycker faktiskt de jobbar med blodomloppet i samh\u00e4llet. De ber\u00e4ttelser vi samlade var fantastiska vittnesb\u00f6rd om meningen med att de finns.<\/p>\n<p>Jag var ocks\u00e5 med p\u00e5 en poesiafton p\u00e5 <strong>Biblioteket i Stockholmsf\u00f6rorten Gr\u00f6ndal<\/strong>. De andra l\u00e4ste dikter. Jag ber\u00e4ttade en Corporate Story. Det var lite ov\u00e4ntat i poesimilj\u00f6n men jag fick blodad tand. Corporate Storytelling kan mycket v\u00e4l i sin emotionalitet vara poetisk.<\/p>\n<p>En fantastisk dag var n\u00e4r jag fick h\u00e5lla i ett storytellingseminarium med och inf\u00f6r cirka 400 kvinnor som alla \u00e4r f\u00f6retagare fr\u00e5n hela Sverige och ing\u00e5r i det n\u00e4tverk av entrepren\u00f6rsambassad\u00f6rer som startades en g\u00e5ng av <strong>Maud Olofsson<\/strong>. Vi samlade troligen ett par hundra ber\u00e4ttelser i grupper och med hj\u00e4lp av tv\u00e5 professionella filmare gjorde vi 20 storytellingfilmer.<\/p>\n<p>Allt producerades p\u00e5 en och samma dag. S\u00e5 g\u00e5r det att arbeta. Storytelling enligt <strong><em>Heijbelmodellen<\/em><\/strong> kan leverera en hel repertoar av filmer p\u00e5 en enda dag. F\u00e4rdiga att visa. Det \u00e4r det som \u00e4r s\u00e5 fantastiskt. Men d\u00e5 kr\u00e4vs alltid en skr\u00e4ddarsydd inspirationsf\u00f6rel\u00e4sning anpassad efter tillf\u00e4llet och som, enkelt uttryckt, siktar mot hj\u00e4rtat och inte mot den logiska hj\u00e4rnan. Dessutom kr\u00e4vs bra coachning inf\u00f6r filmandet och g\u00e4rna filmare som inte bara l\u00e5ter kameran g\u00e5 utan som lyssnar, det vill s\u00e4ga g\u00e4rna journalistiska teve-filmare.<\/p>\n<p>++++++++++++++++++++++++++++++++++++++++++++++<\/p>\n<p>Jag har ocks\u00e5 arbetat med exempelvis <strong>Ericsson<\/strong>, <strong>Marknadsf\u00f6reningen i Stockholm<\/strong> och m\u00e5nga fler sen sist. Exempelvis <strong>H\u00e4sselby \/ V\u00e4llingby stadsdelsf\u00f6rvaltning<\/strong> i Stockholm Stad.<\/p>\n<p>D\u00e4r h\u00f6rde jag en f\u00f6rskolechef ber\u00e4tta detta:<\/p>\n<p><em>Hon kom till en f\u00f6rskola en dag. Det var en f\u00f6rskola i stadsdelen d\u00e4r alla barnen har ett annat modersm\u00e5l \u00e4n just svenska. Barnen rusade glatt och livligt fram till f\u00f6rskolechefen som de uppfattade som vilken fr\u00f6ken som helst. De b\u00f6rjade kramas och k\u00e4nna p\u00e5 hennes kl\u00e4der.<\/p>\n<p>Fr\u00f6ken, fr\u00f6ken, sa barnen. Vad har du f\u00f6r spr\u00e5k? Jag pratar svenska, svarade f\u00f6rskolechefen. Ja men hemma d\u00e5, sa barnen. Jag pratar svenska hemma ocks\u00e5.<\/p>\n<p>D\u00e5 blev det tyst i rummet tills ett av barnen sa: Stackars dig fr\u00f6ken som bara har ett spr\u00e5k.<\/p>\n<p>Detta fick f\u00f6rskolechefen att reflektera. Vilka \u00e4r det som \u00e4r fattiga egentligen\u2026.?<\/em><\/p>\n<p>++++++++++++++++++++++++++++++++++++++++++++++<\/p>\n<p>S\u00e5 n\u00e5gra erbjudanden. Vill du ha ett eller flera ex av den nya ut\u00f6kade upplagan av <strong>Storytelling befolkar varum\u00e4rket<\/strong> s\u00e5 kan du f\u00e5 den till din adress till f\u00f6rlagspris vilket inneb\u00e4r totalt 240 sek inkl moms och porto. Mejla d\u00e5 matts@storytellers.se med din faktura- och leveransadress.<\/p>\n<p>Vill du vara min g\u00e4st p\u00e5 Storyfrukost den 24 april. Den \u00e4r kostnadsfri och b\u00f6rjar med mingel klockan 08.30 och f\u00f6rel\u00e4sning med filmer mellan 09.00-10.00. P\u00e5 S\u00f6der i Stockholm. Mejla i s\u00e5 fall matts@storytellers.se med titeln 24 april i rubrikraden och med n\u00e5gra rader om vem du \u00e4r och varf\u00f6r du vill komma. D\u00e5 kan du ocks\u00e5 k\u00f6pa min bok, om du vill.<\/p>\n<p>Vill du komma p\u00e5 en kostnadsfri Storyfrukost i G\u00f6teborg s\u00e5 har jag n\u00e4sta i samarbete med Plyhm Kommunikation 13 maj. Mejla i s\u00e5 fall matts@storytellers.se med rubrikraden 13 maj s\u00e5 \u00e5terkommer jag med detaljer.<\/p>\n<p>Vill du g\u00e5 p\u00e5 en halvdagsutbildning som jag h\u00e5ller tillsammans med Marknadsf\u00f6reningen i Stockholm en halvdag 20 maj s\u00e5 g\u00e5 in p\u00e5 <a href=\"http:\/\/www.mis.se\/event\/storytelling\/#.U05pGSj0HH4\">Marknadsf\u00f6reningens<\/a> hemsida och titta p\u00e5 erbjudandet och anm\u00e4l i s\u00e5 fall intresse d\u00e4r.<\/p>\n<p>++++++++++++++++++++++++++++++++++++++++++++++<\/p>\n<p>Det var allt f\u00f6r denna g\u00e5ng. Jag som skriver detta och som st\u00e5r f\u00f6r varje ord i detta och alla tidigare nyhetsbrev heter <strong>Matts Heijbel<\/strong>. Jag har drivit Corporate Storytellingfr\u00e5gorna i Sverige i 15 \u00e5rs tid och kan komma till dig eller er ocks\u00e5 om ni vill. Jag ger allt fr\u00e5n enstaka f\u00f6rel\u00e4sningar till att driva hela projekt i riktningen \u201dber\u00e4ttande organisation\u201d.<\/p>\n<p>Vill du inte ha nyhetsbrevet l\u00e4ngre s\u00e5 \u00e4r det bara att v\u00e4nda detta mejl med ett Nej tack! S\u00e5 tar jag bort dig ur s\u00e4ndlistan.<\/p>\n<p>Tack f\u00f6r denna g\u00e5ng h\u00e4lsar<\/p>\n<p>Matts Heijbel<\/p>\n<p>Stockholm \/ Gr\u00f6dinge 16 april 2014<\/p>\n","protected":false},"excerpt":{"rendered":"<p>Hej Storytellerv\u00e4n S\u00e5 \u00e4r det dags f\u00f6r det \u00e5ttionionde nyhetsbrevet fr\u00e5n Storytellers. Det f\u00f6rsta kom redan f\u00f6r drygt 10 \u00e5r sedan, i september 2003. I dessa brev har jag envist propagerat, exemplifierat och missionerat f\u00f6r Corporate Storytelling in and about organizations. De finns alla i arkiv p\u00e5 storytellers.se I dagarna har den tredje ut\u00f6kade upplagan&#8230;<\/p>\n","protected":false},"author":2,"featured_media":0,"comment_status":"open","ping_status":"open","sticky":false,"template":"","format":"standard","meta":[],"categories":[8],"tags":[],"_links":{"self":[{"href":"https:\/\/storytellers.se\/index.php?rest_route=\/wp\/v2\/posts\/4007"}],"collection":[{"href":"https:\/\/storytellers.se\/index.php?rest_route=\/wp\/v2\/posts"}],"about":[{"href":"https:\/\/storytellers.se\/index.php?rest_route=\/wp\/v2\/types\/post"}],"author":[{"embeddable":true,"href":"https:\/\/storytellers.se\/index.php?rest_route=\/wp\/v2\/users\/2"}],"replies":[{"embeddable":true,"href":"https:\/\/storytellers.se\/index.php?rest_route=%2Fwp%2Fv2%2Fcomments&post=4007"}],"version-history":[{"count":0,"href":"https:\/\/storytellers.se\/index.php?rest_route=\/wp\/v2\/posts\/4007\/revisions"}],"wp:attachment":[{"href":"https:\/\/storytellers.se\/index.php?rest_route=%2Fwp%2Fv2%2Fmedia&parent=4007"}],"wp:term":[{"taxonomy":"category","embeddable":true,"href":"https:\/\/storytellers.se\/index.php?rest_route=%2Fwp%2Fv2%2Fcategories&post=4007"},{"taxonomy":"post_tag","embeddable":true,"href":"https:\/\/storytellers.se\/index.php?rest_route=%2Fwp%2Fv2%2Ftags&post=4007"}],"curies":[{"name":"wp","href":"https:\/\/api.w.org\/{rel}","templated":true}]}}