{"id":3994,"date":"2014-04-03T10:28:32","date_gmt":"2014-04-03T08:28:32","guid":{"rendered":"http:\/\/storytellers.se\/?p=3994"},"modified":"2014-04-03T10:28:32","modified_gmt":"2014-04-03T08:28:32","slug":"kulturarbetare-i-varumarkets-tjanst","status":"publish","type":"post","link":"https:\/\/storytellers.se\/?p=3994","title":{"rendered":"Kulturarbetare i varum\u00e4rkets tj\u00e4nst"},"content":{"rendered":"<p>S\u00e5 fint uttrycks det om panelen hos Marknadsf\u00f6reningen i Stockholm den 9 april. Jag \u00e4r medlem i F\u00f6rfattarf\u00f6rbundet och f\u00f6rfattare till flera b\u00f6cker genom \u00e5ren, allts\u00e5 kulturarbetare. Jag ser mig faktiskt som en kulturarbetare ocks\u00e5 n\u00e4r jag arbetar med <em>Corporate Storytelling<\/em> som \u00e4r lika fint som vilken kultur-kultur som helst \u00e4ven om det d\u00e5 handlar om business. All kultur, \u00e4ven organisationskultur, h\u00e4mtar sin n\u00e4ring fr\u00e5n m\u00e4nskliga m\u00f6ten och tankar kring nytta och mening, v\u00e4rderingar och visioner. Det kommer jag och ber\u00f6ra den 9e april.<\/p>\n<p>Jag sitter i en panel tillsammans med SATS nordiska marknadschef <strong>Eva Lundstr\u00f6m<\/strong> och Seniorstrategen vid Rewir, <strong>Olle Nystr\u00f6m<\/strong>. Det h\u00e4nder allts\u00e5 9 april mellan 17-19 och vi kommer att vara i <em>Rewirs<\/em> lokaler p\u00e5 Birger Jarlsgatan 57B i Stockholm. F\u00f6r medlemmar \u00e4r det gratis f\u00f6r andra g\u00e4ster kostar det 349 sek. L\u00e4s mer och anm\u00e4l <a href=\"http:\/\/www.mis.se\/event\/varumarkesnatverket-medarbetaren-och-varumarket\/#.Uyr0afl5N8G\">h\u00e4r<\/a>!<\/p>\n","protected":false},"excerpt":{"rendered":"<p>S\u00e5 fint uttrycks det om panelen hos Marknadsf\u00f6reningen i Stockholm den 9 april. Jag \u00e4r medlem i F\u00f6rfattarf\u00f6rbundet och f\u00f6rfattare till flera b\u00f6cker genom \u00e5ren, allts\u00e5 kulturarbetare. Jag ser mig faktiskt som en kulturarbetare ocks\u00e5 n\u00e4r jag arbetar med Corporate Storytelling som \u00e4r lika fint som vilken kultur-kultur som helst \u00e4ven om det d\u00e5 handlar&#8230;<\/p>\n","protected":false},"author":2,"featured_media":0,"comment_status":"open","ping_status":"open","sticky":false,"template":"","format":"standard","meta":[],"categories":[9],"tags":[],"_links":{"self":[{"href":"https:\/\/storytellers.se\/index.php?rest_route=\/wp\/v2\/posts\/3994"}],"collection":[{"href":"https:\/\/storytellers.se\/index.php?rest_route=\/wp\/v2\/posts"}],"about":[{"href":"https:\/\/storytellers.se\/index.php?rest_route=\/wp\/v2\/types\/post"}],"author":[{"embeddable":true,"href":"https:\/\/storytellers.se\/index.php?rest_route=\/wp\/v2\/users\/2"}],"replies":[{"embeddable":true,"href":"https:\/\/storytellers.se\/index.php?rest_route=%2Fwp%2Fv2%2Fcomments&post=3994"}],"version-history":[{"count":0,"href":"https:\/\/storytellers.se\/index.php?rest_route=\/wp\/v2\/posts\/3994\/revisions"}],"wp:attachment":[{"href":"https:\/\/storytellers.se\/index.php?rest_route=%2Fwp%2Fv2%2Fmedia&parent=3994"}],"wp:term":[{"taxonomy":"category","embeddable":true,"href":"https:\/\/storytellers.se\/index.php?rest_route=%2Fwp%2Fv2%2Fcategories&post=3994"},{"taxonomy":"post_tag","embeddable":true,"href":"https:\/\/storytellers.se\/index.php?rest_route=%2Fwp%2Fv2%2Ftags&post=3994"}],"curies":[{"name":"wp","href":"https:\/\/api.w.org\/{rel}","templated":true}]}}