{"id":3972,"date":"2014-03-29T19:07:14","date_gmt":"2014-03-29T18:07:14","guid":{"rendered":"http:\/\/storytellers.se\/?p=3972"},"modified":"2014-03-29T19:07:14","modified_gmt":"2014-03-29T18:07:14","slug":"det-handlar-om-vad-man-berattar-inte-hur","status":"publish","type":"post","link":"https:\/\/storytellers.se\/?p=3972","title":{"rendered":"Det handlar om vad man ber\u00e4ttar &#8211; inte hur!"},"content":{"rendered":"<p>Jag f\u00e5r ibland samtal fr\u00e5n besvikna f\u00f6retagsm\u00e4nniskor som anlitat olika konsulter som sagt sig kunna storytelling. Besvikelsen har best\u00e5tt i att det blev mycket prat om retorik och framf\u00f6randeteknik men ingen reflektion om organisationens egna stories. Det har ofta blivit mycket om hur man ska st\u00e5 eller g\u00e5 eller andas.<br \/>\nVad \u00e4r detta?<br \/>\nDe ville ju egentligen bara hitta sina egna organisationsber\u00e4ttelser. Jag hj\u00e4lper dem d\u00e5 upp p\u00e5 banan och in i praktiken med min workshopmodell. <em>Storytelling \/ storylistening i och om organisationer<\/em> \u00e4r f\u00f6rst\u00e5s meningsl\u00f6st om man inte har sina egna ber\u00e4ttelser och om man inte har klart f\u00f6r sig hur man ska hitta dessa ber\u00e4ttelser.<br \/>\nDet \u00e4r det det handlar om, tycker jag.<\/p>\n","protected":false},"excerpt":{"rendered":"<p>Jag f\u00e5r ibland samtal fr\u00e5n besvikna f\u00f6retagsm\u00e4nniskor som anlitat olika konsulter som sagt sig kunna storytelling. Besvikelsen har best\u00e5tt i att det blev mycket prat om retorik och framf\u00f6randeteknik men ingen reflektion om organisationens egna stories. Det har ofta blivit mycket om hur man ska st\u00e5 eller g\u00e5 eller andas. Vad \u00e4r detta? De ville&#8230;<\/p>\n","protected":false},"author":2,"featured_media":0,"comment_status":"open","ping_status":"open","sticky":false,"template":"","format":"standard","meta":[],"categories":[2],"tags":[],"_links":{"self":[{"href":"https:\/\/storytellers.se\/index.php?rest_route=\/wp\/v2\/posts\/3972"}],"collection":[{"href":"https:\/\/storytellers.se\/index.php?rest_route=\/wp\/v2\/posts"}],"about":[{"href":"https:\/\/storytellers.se\/index.php?rest_route=\/wp\/v2\/types\/post"}],"author":[{"embeddable":true,"href":"https:\/\/storytellers.se\/index.php?rest_route=\/wp\/v2\/users\/2"}],"replies":[{"embeddable":true,"href":"https:\/\/storytellers.se\/index.php?rest_route=%2Fwp%2Fv2%2Fcomments&post=3972"}],"version-history":[{"count":0,"href":"https:\/\/storytellers.se\/index.php?rest_route=\/wp\/v2\/posts\/3972\/revisions"}],"wp:attachment":[{"href":"https:\/\/storytellers.se\/index.php?rest_route=%2Fwp%2Fv2%2Fmedia&parent=3972"}],"wp:term":[{"taxonomy":"category","embeddable":true,"href":"https:\/\/storytellers.se\/index.php?rest_route=%2Fwp%2Fv2%2Fcategories&post=3972"},{"taxonomy":"post_tag","embeddable":true,"href":"https:\/\/storytellers.se\/index.php?rest_route=%2Fwp%2Fv2%2Ftags&post=3972"}],"curies":[{"name":"wp","href":"https:\/\/api.w.org\/{rel}","templated":true}]}}