{"id":3960,"date":"2014-03-24T11:24:07","date_gmt":"2014-03-24T10:24:07","guid":{"rendered":"http:\/\/storytellers.se\/?p=3960"},"modified":"2014-03-24T11:24:07","modified_gmt":"2014-03-24T10:24:07","slug":"kan-du-forlata-mig-sa-kamprad","status":"publish","type":"post","link":"https:\/\/storytellers.se\/?p=3960","title":{"rendered":"Kan du f\u00f6rl\u00e5ta mig, sa Kamprad"},"content":{"rendered":"<p>Med gr\u00e5t i r\u00f6sten bad <strong>Ingvar Kamprad<\/strong> sin v\u00e4n och Kampradbiograf <strong>Bertil Torekull<\/strong> om f\u00f6rl\u00e5telse. Kamprad hade n\u00e4mligen f\u00e5tt id\u00e9n att f\u00f6rlaget borde donera 14.000 ex av en Kampradbok som Torekull skrivit till Ikea. Det skulle inneb\u00e4ra att Torekull i ett slag skulle f\u00f6rlora en halv miljon i royaltyinkomster. D\u00e5 hotade en rasande Torekull med att l\u00e4gga ned hela projektet. Boken skulle stoppas.<br \/>\nP\u00e5 morgonen efter m\u00f6tte han Kamprad som allts\u00e5 med gr\u00e5t i r\u00f6sten bad om f\u00f6rl\u00e5telse och sa att han \u00e5ngrade sig och att de skulle gl\u00f6mma detta felt\u00e4nk. Det ledde till att Torekull fick sin royalty och de gamla m\u00e4nnen (Torekull 82 och Kamprad i dagarna 88) kunde forts\u00e4tta att ha sin relation.<br \/>\nIkea \u00e4r ett av v\u00e4rldens mest ber\u00e4ttande f\u00f6retag. Det \u00e4r Kampradber\u00e4ttelser och det \u00e4r ber\u00e4ttelser om hur ikeaner beter sig och bem\u00f6ter sina kunder.<br \/>\nIkeafolkloren \u00e4r oerh\u00f6rt intressant och vi deltar alla i spridningen av dessa ber\u00e4ttelser. N\u00e4r jag arbetade med Svenska Institutet ins\u00e5g jag Ikeas betydelse i ber\u00e4ttelsen om varum\u00e4rket Sverige eftersom vi svenskar alla \u00e4r traditionsb\u00e4rare av denna Ikeafolklore.<br \/>\nNu kommer Bertil Torekull med boken: <em>Att dansa med vargar &#8211; En bok om relationen mellan slaven och slav\u00e4garen<\/em>. D\u00e4r ber\u00e4ttar Torekull bland annat om konfrontationen med Kamprad.<br \/>\nEn artikel med citat ur den publicerades i g\u00e5r i <a href=\"http:\/\/www.expressen.se\/kvallsposten\/kamprad-sorgsen-efter-hustruns-dod\/\">Expressen och Kv\u00e4llsposten<\/a>. <\/p>\n","protected":false},"excerpt":{"rendered":"<p>Med gr\u00e5t i r\u00f6sten bad Ingvar Kamprad sin v\u00e4n och Kampradbiograf Bertil Torekull om f\u00f6rl\u00e5telse. Kamprad hade n\u00e4mligen f\u00e5tt id\u00e9n att f\u00f6rlaget borde donera 14.000 ex av en Kampradbok som Torekull skrivit till Ikea. Det skulle inneb\u00e4ra att Torekull i ett slag skulle f\u00f6rlora en halv miljon i royaltyinkomster. D\u00e5 hotade en rasande Torekull med&#8230;<\/p>\n","protected":false},"author":2,"featured_media":0,"comment_status":"open","ping_status":"open","sticky":false,"template":"","format":"standard","meta":[],"categories":[3],"tags":[],"_links":{"self":[{"href":"https:\/\/storytellers.se\/index.php?rest_route=\/wp\/v2\/posts\/3960"}],"collection":[{"href":"https:\/\/storytellers.se\/index.php?rest_route=\/wp\/v2\/posts"}],"about":[{"href":"https:\/\/storytellers.se\/index.php?rest_route=\/wp\/v2\/types\/post"}],"author":[{"embeddable":true,"href":"https:\/\/storytellers.se\/index.php?rest_route=\/wp\/v2\/users\/2"}],"replies":[{"embeddable":true,"href":"https:\/\/storytellers.se\/index.php?rest_route=%2Fwp%2Fv2%2Fcomments&post=3960"}],"version-history":[{"count":0,"href":"https:\/\/storytellers.se\/index.php?rest_route=\/wp\/v2\/posts\/3960\/revisions"}],"wp:attachment":[{"href":"https:\/\/storytellers.se\/index.php?rest_route=%2Fwp%2Fv2%2Fmedia&parent=3960"}],"wp:term":[{"taxonomy":"category","embeddable":true,"href":"https:\/\/storytellers.se\/index.php?rest_route=%2Fwp%2Fv2%2Fcategories&post=3960"},{"taxonomy":"post_tag","embeddable":true,"href":"https:\/\/storytellers.se\/index.php?rest_route=%2Fwp%2Fv2%2Ftags&post=3960"}],"curies":[{"name":"wp","href":"https:\/\/api.w.org\/{rel}","templated":true}]}}