{"id":3952,"date":"2014-03-21T15:44:26","date_gmt":"2014-03-21T14:44:26","guid":{"rendered":"http:\/\/storytellers.se\/?p=3952"},"modified":"2014-03-21T15:44:26","modified_gmt":"2014-03-21T14:44:26","slug":"med-i-varumarkessnack-9-april","status":"publish","type":"post","link":"https:\/\/storytellers.se\/?p=3952","title":{"rendered":"Med i varum\u00e4rkessnack 9 april"},"content":{"rendered":"<p>Den 9 april \u00e4r jag inbjuden till den Stockholmska <em>Marknadsf\u00f6reningens Varum\u00e4rkesn\u00e4tverk<\/em>. Jag ska argumentera f\u00f6r att befolka varum\u00e4rket och sitter i en panel tillsammans med SATS nordiska marknadschef <strong>Eva Lundstr\u00f6m<\/strong> och Seniorstrategen vid Rewir, <strong>Olle Nystr\u00f6m<\/strong>. Vi kallas, vackert uttryckt, f\u00f6r kulturarbetare i varum\u00e4rkets tj\u00e4nst. Det h\u00e4nder 9 april mellan 17-19 och vi kommer att vara i <em>Rewirs<\/em> lokaler p\u00e5 Birger Jarlsgatan 57B i Stockholm. F\u00f6r medlemmar \u00e4r det gratis f\u00f6r andra g\u00e4ster kostar det 349 sek. L\u00e4s mer och anm\u00e4l <a href=\"http:\/\/www.mis.se\/event\/varumarkesnatverket-medarbetaren-och-varumarket\/#.Uyr0afl5N8G\">h\u00e4r<\/a>!<\/p>\n","protected":false},"excerpt":{"rendered":"<p>Den 9 april \u00e4r jag inbjuden till den Stockholmska Marknadsf\u00f6reningens Varum\u00e4rkesn\u00e4tverk. Jag ska argumentera f\u00f6r att befolka varum\u00e4rket och sitter i en panel tillsammans med SATS nordiska marknadschef Eva Lundstr\u00f6m och Seniorstrategen vid Rewir, Olle Nystr\u00f6m. Vi kallas, vackert uttryckt, f\u00f6r kulturarbetare i varum\u00e4rkets tj\u00e4nst. Det h\u00e4nder 9 april mellan 17-19 och vi kommer att&#8230;<\/p>\n","protected":false},"author":2,"featured_media":0,"comment_status":"open","ping_status":"open","sticky":false,"template":"","format":"standard","meta":[],"categories":[9],"tags":[],"_links":{"self":[{"href":"https:\/\/storytellers.se\/index.php?rest_route=\/wp\/v2\/posts\/3952"}],"collection":[{"href":"https:\/\/storytellers.se\/index.php?rest_route=\/wp\/v2\/posts"}],"about":[{"href":"https:\/\/storytellers.se\/index.php?rest_route=\/wp\/v2\/types\/post"}],"author":[{"embeddable":true,"href":"https:\/\/storytellers.se\/index.php?rest_route=\/wp\/v2\/users\/2"}],"replies":[{"embeddable":true,"href":"https:\/\/storytellers.se\/index.php?rest_route=%2Fwp%2Fv2%2Fcomments&post=3952"}],"version-history":[{"count":0,"href":"https:\/\/storytellers.se\/index.php?rest_route=\/wp\/v2\/posts\/3952\/revisions"}],"wp:attachment":[{"href":"https:\/\/storytellers.se\/index.php?rest_route=%2Fwp%2Fv2%2Fmedia&parent=3952"}],"wp:term":[{"taxonomy":"category","embeddable":true,"href":"https:\/\/storytellers.se\/index.php?rest_route=%2Fwp%2Fv2%2Fcategories&post=3952"},{"taxonomy":"post_tag","embeddable":true,"href":"https:\/\/storytellers.se\/index.php?rest_route=%2Fwp%2Fv2%2Ftags&post=3952"}],"curies":[{"name":"wp","href":"https:\/\/api.w.org\/{rel}","templated":true}]}}