{"id":3948,"date":"2014-03-18T14:04:40","date_gmt":"2014-03-18T13:04:40","guid":{"rendered":"http:\/\/storytellers.se\/?p=3948"},"modified":"2014-03-18T14:04:40","modified_gmt":"2014-03-18T13:04:40","slug":"nyhetsbrev-88-bli-min-gast-och-lite-sjofartsverk","status":"publish","type":"post","link":"https:\/\/storytellers.se\/?p=3948","title":{"rendered":"Nyhetsbrev 88: Bli min g\u00e4st och lite Sj\u00f6fartsverk"},"content":{"rendered":"<p>Nyhetsbrev 88:<\/p>\n<p>Hej Storytellerv\u00e4n<\/p>\n<p>Detta \u00e4r det \u00e5ttio\u00e5ttonde nyhetsbrevet fr\u00e5n Storytellers. H\u00e4r reflekterar jag \u00f6ver \u00e4mnet <em>Corporate Storytelling<\/em> eller <em>Storytelling in and about organizations<\/em> som jag sysslat med i femton \u00e5rs tid. Man kan ocks\u00e5 s\u00e4ga <em>Storytelling om varor och tj\u00e4nster<\/em>. Eller <em>Storyselling<\/em> och <em>Storybuilding<\/em>.<\/p>\n<p>Jag har arbetat med flera hundra organisationer, privata, offentliga ideella av olika slag. De f\u00f6rsta fem \u00e5ren var jag t\u00e4mligen ensam p\u00e5 arenan men nu finns det m\u00e5nga som erbjuder storytelling p\u00e5 olika s\u00e4tt. Jag har d\u00e4rf\u00f6r talat allt mer om Heijbelmodellen som \u00e4r det perspektiv jag h\u00e4vdat hela tiden. Det bottnar p\u00e5 s\u00e4tt och vis i den socialantropologi som jag har i den ena av mina akademiska examina.<\/p>\n<p>Ber\u00e4ttelser finns. De speglar v\u00e4rderingar och ber\u00e4ttar varifr\u00e5n vi kommer, var vi befinner oss och vart vi \u00e4r p\u00e5 v\u00e4g. Den sanna ber\u00e4ttelsen om den aktuella m\u00e4nniskan och organisationen \u00e4r en fr\u00e5ga om hur vi lever v\u00e5r kulturen och d\u00e4rmed v\u00e5ra v\u00e4rderingar. Det handlar allts\u00e5 om kulturkapitalet som b\u00e4r alla m\u00e4nskliga samanhang och som pekar p\u00e5 framtid.<\/p>\n<p>Om man ser detta som ett verktyg s\u00e5 kan man fr\u00e5ga sig varf\u00f6r vi ska intressera oss f\u00f6r att s\u00f6ka och kanske bygga ber\u00e4ttelser som befolkar v\u00e5ra varum\u00e4rken. Ibland \u00e4r det s\u00e4lj, ibland marknadsf\u00f6ring, ibland rekrytering, ibland ledarskap, ibland kunskaps\u00f6verf\u00f6ring och ibland st\u00e4rkande av en psykosocial arbetsmilj\u00f6. Det \u00e4r d\u00e4r den strategiska diskussionen kommer in.<\/p>\n<p>++++++++++++++++++++++++++++++++++++++++++++++++++++++<\/p>\n<p>Den senaste tiden har jag bland annat arbetat med <em>Chalmers<\/em>, <em>Sj\u00f6fartsverket<\/em>, den kristna insamlings- och bist\u00e5ndsorganisationen <em>Diakonia<\/em>, <em>Tillv\u00e4xtverket<\/em>, <em>HR-bloggen<\/em> och <em>Sj\u00f6stadsskolan<\/em> i Hammarby Sj\u00f6stad. Hela tiden p\u00e5 jakt efter de ber\u00e4ttelser som de olika flockarna eller triberna beh\u00f6ver f\u00f6r att bli framg\u00e5ngsrika.<\/p>\n<p>Jag h\u00f6rde en fantastisk ber\u00e4ttelse fr\u00e5n Sj\u00f6fartsverket. F\u00f6r en tid sedan f\u00e5ngade den flocken upp en n\u00f6dsignal n\u00e4r de  som vanligt lyssnade av meddelanden fr\u00e5n sj\u00f6farten. F\u00f6rst kunde de inte lokalisera den b\u00e5t som s\u00e4nde signalen men senare visade det sig att signalen faktiskt m\u00e4rkligt nog kom fr\u00e5n Karibiska \u00f6v\u00e4rlden. Allts\u00e5 fr\u00e5n andra sidan jordklotet men signalsystemet var tydligen inst\u00e4llt p\u00e5 att kommunicera med just Sverige.<\/p>\n<p>Sj\u00f6fartsverksfolket kontaktade omg\u00e5ende sina kollegor i den lokala Coast Guarden i Karibien och de drog genast ig\u00e5ng en insats som ledde till att man hittade en sjunkande svensk segelb\u00e5t. De tv\u00e5 ombord just hade dragit p\u00e5 sig s\u00e4kerhetsdr\u00e4kter och klivit i en uppbl\u00e5sbar r\u00e4ddningsb\u00e5t och fick hj\u00e4lp av ett handelsfartyg i n\u00e4rheten. Tack f\u00f6r det Sj\u00f6fartsverket. Ni r\u00e4ddade sannolikt deras liv. N\u00e4r Sj\u00f6fartsverket ber\u00e4ttade om detta p\u00e5 sin Facebooksida delades ber\u00e4ttelsen 9000 g\u00e5nger p\u00e5 bara n\u00e5got dygn. Snacket g\u00e5r allts\u00e5.<\/p>\n<p>Storytelling och sociala media passar mycket bra ihop. Facebook \u00e4r ju faktiskt, som jag brukar s\u00e4ga, \u201dsamma j\u00e4vla l\u00e4gereldar\u201d som m\u00e4nniskan alltid har samlats kring. En miljard eldar d\u00e4r ute d\u00e4r man ber\u00e4ttar och lyssnar. Gillar och delar.<\/p>\n<p>++++++++++++++++++++++++++++++++++++++++++++++++++++++<\/p>\n<p>N\u00e4r jag bes\u00f6kte Sj\u00f6stadsskolan i Hammarby Sj\u00f6stad s\u00e5 handlar det f\u00f6rst\u00e5s om ber\u00e4ttelser som har med elever, l\u00e4rare, f\u00f6r\u00e4ldrar och andra intressenter att g\u00f6ra. F\u00f6r dagens skolor baserade p\u00e5 skolpeng s\u00e5 \u00e4r varje elev ekonomiskt v\u00e4rdefull och ber\u00e4ttelser som tilltalar intressenterna \u00e4r marknadsf\u00f6ring. En framg\u00e5ngsrik skola informerar och rapporterar inte enbart. Den ber\u00e4ttar och f\u00f6rs\u00f6ker ber\u00f6ra ocks\u00e5 emotionellt. B\u00e4sta storyn vinner n\u00e4mligen.<\/p>\n<p>++++++++++++++++++++++++++++++++++++++++++++++++++++++<\/p>\n<p>Den 28 mars har jag \u00e5ter en av mina \u00e5terkommande frukostf\u00f6rel\u00e4sningar i Stockholm. Jag bjuder p\u00e5 lite frukt och kaffe eller te. Vatten f\u00f6rst\u00e5s. Stockholm har ju vatten i v\u00e4rldsklass. Det b\u00f6rjar med mingel klockan 08.30. Sen talar jag mellan 09.00 \u2013 10.00 och vill n\u00e5gon prata vidare en stund efter s\u00e5 finns jag kvar. Detta \u00e4r kostnadsfritt. Vill du bli min g\u00e4st s\u00e5 mejlar du matts@storytellers.se och skriver 28 mars i rubrikraden. Beskriv med n\u00e5gra rader vem du \u00e4r och varf\u00f6r du vill komma. D\u00e5 svarar jag med ett mejl med portkod och annat. Vi h\u00e5ller till p\u00e5 Krukmakargatan 22 p\u00e5 S\u00f6dermalm.<\/p>\n<p>I morgon, den 19 mars \u00e4r det f\u00f6rresten poesikv\u00e4ll p\u00e5 Gr\u00f6ndals bibliotek i Stockholm. Det b\u00f6rjar klockan 19. Vid 19.30 b\u00f6rjar olika personer l\u00e4sa eller sjunga och jag t\u00e4nkte \u00f6verraska med en Corporate Story mitt bland poesiutbudet. 20.30 \u00e4r det hela \u00f6ver.<\/p>\n<p>++++++++++++++++++++++++++++++++++++++++++++++++++++++<\/p>\n<p>Det var allt f\u00f6r denna g\u00e5ng. Jag som skriver detta och alla de andra breven, hittills 87 stycken, heter <strong>Matts Heijbel<\/strong>. Du f\u00e5r det f\u00f6r att du bett om det. Om du inte vill ha det l\u00e4ngre s\u00e5 kan du v\u00e4nda det med ett Nej tack s\u00e5 tar jag bort dig ur s\u00e4ndlistan.<\/p>\n<p>Tack f\u00f6r den h\u00e4r g\u00e5ngen<\/p>\n<p>H\u00e4lsar<\/p>\n<p>Matts Heijbel<\/p>\n<p>Stockholm \/ Gr\u00f6dinge 18 mars 2014 <\/p>\n","protected":false},"excerpt":{"rendered":"<p>Nyhetsbrev 88: Hej Storytellerv\u00e4n Detta \u00e4r det \u00e5ttio\u00e5ttonde nyhetsbrevet fr\u00e5n Storytellers. H\u00e4r reflekterar jag \u00f6ver \u00e4mnet Corporate Storytelling eller Storytelling in and about organizations som jag sysslat med i femton \u00e5rs tid. Man kan ocks\u00e5 s\u00e4ga Storytelling om varor och tj\u00e4nster. Eller Storyselling och Storybuilding. Jag har arbetat med flera hundra organisationer, privata, offentliga ideella&#8230;<\/p>\n","protected":false},"author":2,"featured_media":0,"comment_status":"open","ping_status":"open","sticky":false,"template":"","format":"standard","meta":[],"categories":[8],"tags":[],"_links":{"self":[{"href":"https:\/\/storytellers.se\/index.php?rest_route=\/wp\/v2\/posts\/3948"}],"collection":[{"href":"https:\/\/storytellers.se\/index.php?rest_route=\/wp\/v2\/posts"}],"about":[{"href":"https:\/\/storytellers.se\/index.php?rest_route=\/wp\/v2\/types\/post"}],"author":[{"embeddable":true,"href":"https:\/\/storytellers.se\/index.php?rest_route=\/wp\/v2\/users\/2"}],"replies":[{"embeddable":true,"href":"https:\/\/storytellers.se\/index.php?rest_route=%2Fwp%2Fv2%2Fcomments&post=3948"}],"version-history":[{"count":0,"href":"https:\/\/storytellers.se\/index.php?rest_route=\/wp\/v2\/posts\/3948\/revisions"}],"wp:attachment":[{"href":"https:\/\/storytellers.se\/index.php?rest_route=%2Fwp%2Fv2%2Fmedia&parent=3948"}],"wp:term":[{"taxonomy":"category","embeddable":true,"href":"https:\/\/storytellers.se\/index.php?rest_route=%2Fwp%2Fv2%2Fcategories&post=3948"},{"taxonomy":"post_tag","embeddable":true,"href":"https:\/\/storytellers.se\/index.php?rest_route=%2Fwp%2Fv2%2Ftags&post=3948"}],"curies":[{"name":"wp","href":"https:\/\/api.w.org\/{rel}","templated":true}]}}