{"id":3944,"date":"2014-03-05T19:56:27","date_gmt":"2014-03-05T18:56:27","guid":{"rendered":"http:\/\/storytellers.se\/?p=3944"},"modified":"2014-03-05T19:56:27","modified_gmt":"2014-03-05T18:56:27","slug":"employer-branding-och-storytelling-seminarium-nu-pa-mandag","status":"publish","type":"post","link":"https:\/\/storytellers.se\/?p=3944","title":{"rendered":"Employer branding och storytelling &#8211; seminarium nu p\u00e5 m\u00e5ndag"},"content":{"rendered":"<p>P\u00e5 m\u00e5ndag 10 mars deltar jag i Stockholm i den \u00e5rliga konferensen <strong>Employer Branding f\u00f6r HR<\/strong> &#8211; <em>st\u00e4rk arbetsgivarvarum\u00e4rket genom Employer branding och storytelling<\/em>. Det finns n\u00e5gra platser kvar s\u00e5 om du vill och kan p\u00e5 m\u00e5ndag s\u00e5 anm\u00e4l dig hos HRbloggen <a href=\"http:\/\/hrbloggen.se\/seminarier\/employer-branding-for-hr\">h\u00e4r<\/a>.<\/p>\n","protected":false},"excerpt":{"rendered":"<p>P\u00e5 m\u00e5ndag 10 mars deltar jag i Stockholm i den \u00e5rliga konferensen Employer Branding f\u00f6r HR &#8211; st\u00e4rk arbetsgivarvarum\u00e4rket genom Employer branding och storytelling. Det finns n\u00e5gra platser kvar s\u00e5 om du vill och kan p\u00e5 m\u00e5ndag s\u00e5 anm\u00e4l dig hos HRbloggen h\u00e4r.<\/p>\n","protected":false},"author":2,"featured_media":0,"comment_status":"open","ping_status":"open","sticky":false,"template":"","format":"standard","meta":[],"categories":[9],"tags":[],"_links":{"self":[{"href":"https:\/\/storytellers.se\/index.php?rest_route=\/wp\/v2\/posts\/3944"}],"collection":[{"href":"https:\/\/storytellers.se\/index.php?rest_route=\/wp\/v2\/posts"}],"about":[{"href":"https:\/\/storytellers.se\/index.php?rest_route=\/wp\/v2\/types\/post"}],"author":[{"embeddable":true,"href":"https:\/\/storytellers.se\/index.php?rest_route=\/wp\/v2\/users\/2"}],"replies":[{"embeddable":true,"href":"https:\/\/storytellers.se\/index.php?rest_route=%2Fwp%2Fv2%2Fcomments&post=3944"}],"version-history":[{"count":0,"href":"https:\/\/storytellers.se\/index.php?rest_route=\/wp\/v2\/posts\/3944\/revisions"}],"wp:attachment":[{"href":"https:\/\/storytellers.se\/index.php?rest_route=%2Fwp%2Fv2%2Fmedia&parent=3944"}],"wp:term":[{"taxonomy":"category","embeddable":true,"href":"https:\/\/storytellers.se\/index.php?rest_route=%2Fwp%2Fv2%2Fcategories&post=3944"},{"taxonomy":"post_tag","embeddable":true,"href":"https:\/\/storytellers.se\/index.php?rest_route=%2Fwp%2Fv2%2Ftags&post=3944"}],"curies":[{"name":"wp","href":"https:\/\/api.w.org\/{rel}","templated":true}]}}