{"id":3934,"date":"2014-02-21T14:47:57","date_gmt":"2014-02-21T13:47:57","guid":{"rendered":"http:\/\/storytellers.se\/?p=3934"},"modified":"2014-02-21T14:47:57","modified_gmt":"2014-02-21T13:47:57","slug":"vilken-ar-din-story","status":"publish","type":"post","link":"https:\/\/storytellers.se\/?p=3934","title":{"rendered":"Vilken \u00e4r din story?"},"content":{"rendered":"<p>Jag tr\u00e4ffar unga m\u00e4nniskor. Som mina barn och deras v\u00e4nner. N\u00e4r de s\u00f6ker olika jobb eller utbildningar framh\u00e5ller jag alltid <em>personstoryn<\/em>. Du <strong>m\u00e5ste helt enkelt<\/strong> ha en egen story som matchar organisationen du vill in i. CV jag visst men storyn avg\u00f6r det hela.<\/p>\n<p>Vi ser dem p\u00e5 middagar, f\u00f6delsedagsfester och vid fikabordet. De som str\u00f6r anekdoter, sk\u00e4mt och fascinerande ber\u00e4ttelser omkring dig. Vi samlas kring dem, lyssnar p\u00e5 dem och \u00e5terber\u00e4ttar deras po\u00e4nger.<\/p>\n<p>Vi lever i ett ber\u00e4ttande samh\u00e4lle, s\u00e4ger jag. N\u00e4r du som individ vill s\u00f6ka dig in i en ny tribe eller om du s\u00f6ker ett nytt jobb eller en utbildning s\u00e5 argumentera f\u00f6r dig sj\u00e4lv. Det d\u00e4r kan man tr\u00e4na p\u00e5.<\/p>\n<p>D\u00e5 m\u00e5ste du ocks\u00e5 ha koll p\u00e5 den aktuella organisationens egen ber\u00e4ttelse. L\u00e4s p\u00e5 den, lyssna in den noga, s\u00e4ger jag. K\u00e4nn in den och plocka sen fram den r\u00e4tta varianten av din egen ber\u00e4ttelse och beskriv varf\u00f6r dessa tv\u00e5 ber\u00e4ttelser passar bra ihop.<\/p>\n<p>Organisationens ber\u00e4ttelse kan spetsas av dig och din story. Det ska du f\u00e5 rekryteraren att f\u00f6rst\u00e5. Det samma g\u00e4ller f\u00f6rst\u00e5s omv\u00e4nt f\u00f6r det f\u00f6retag som s\u00f6ker nya medarbetare. Organisationens ber\u00e4ttelse ska designas s\u00e5 att den attraherar r\u00e4tt jobbs\u00f6kande.<\/p>\n<p>I den underbaraste av v\u00e4rldar matchar sen de tv\u00e5 ber\u00e4ttelserna varandra.<\/p>\n","protected":false},"excerpt":{"rendered":"<p>Jag tr\u00e4ffar unga m\u00e4nniskor. Som mina barn och deras v\u00e4nner. N\u00e4r de s\u00f6ker olika jobb eller utbildningar framh\u00e5ller jag alltid personstoryn. Du m\u00e5ste helt enkelt ha en egen story som matchar organisationen du vill in i. CV jag visst men storyn avg\u00f6r det hela. Vi ser dem p\u00e5 middagar, f\u00f6delsedagsfester och vid fikabordet. De som&#8230;<\/p>\n","protected":false},"author":2,"featured_media":0,"comment_status":"open","ping_status":"open","sticky":false,"template":"","format":"standard","meta":[],"categories":[2],"tags":[],"_links":{"self":[{"href":"https:\/\/storytellers.se\/index.php?rest_route=\/wp\/v2\/posts\/3934"}],"collection":[{"href":"https:\/\/storytellers.se\/index.php?rest_route=\/wp\/v2\/posts"}],"about":[{"href":"https:\/\/storytellers.se\/index.php?rest_route=\/wp\/v2\/types\/post"}],"author":[{"embeddable":true,"href":"https:\/\/storytellers.se\/index.php?rest_route=\/wp\/v2\/users\/2"}],"replies":[{"embeddable":true,"href":"https:\/\/storytellers.se\/index.php?rest_route=%2Fwp%2Fv2%2Fcomments&post=3934"}],"version-history":[{"count":0,"href":"https:\/\/storytellers.se\/index.php?rest_route=\/wp\/v2\/posts\/3934\/revisions"}],"wp:attachment":[{"href":"https:\/\/storytellers.se\/index.php?rest_route=%2Fwp%2Fv2%2Fmedia&parent=3934"}],"wp:term":[{"taxonomy":"category","embeddable":true,"href":"https:\/\/storytellers.se\/index.php?rest_route=%2Fwp%2Fv2%2Fcategories&post=3934"},{"taxonomy":"post_tag","embeddable":true,"href":"https:\/\/storytellers.se\/index.php?rest_route=%2Fwp%2Fv2%2Ftags&post=3934"}],"curies":[{"name":"wp","href":"https:\/\/api.w.org\/{rel}","templated":true}]}}