{"id":3926,"date":"2014-02-15T15:33:24","date_gmt":"2014-02-15T14:33:24","guid":{"rendered":"http:\/\/storytellers.se\/?p=3926"},"modified":"2014-02-15T15:33:24","modified_gmt":"2014-02-15T14:33:24","slug":"hon-klippte-sitt-har","status":"publish","type":"post","link":"https:\/\/storytellers.se\/?p=3926","title":{"rendered":"Hon klippte sitt h\u00e5r"},"content":{"rendered":"<p>Jag har h\u00f6rt den g\u00e5ng p\u00e5 g\u00e5ng n\u00e4r jag tr\u00e4ffat entrepren\u00f6rer, framf\u00f6rallt fr\u00e5n kvinnor som satsat p\u00e5 f\u00f6retagande. Ber\u00e4ttelsen om den unga kvinnan fr\u00e5n V\u00e4sterbottens inland och om hennes h\u00e5r. Hur hon pottklippte sitt l\u00e5nga obehandlade midjeh\u00e5r och \u00e5ngrade sig. Om alla hennes h\u00e5rid\u00e9er och om hur hon fick nej hos banken och k\u00f6rde p\u00e5 \u00e4nd\u00e5 med sin h\u00e5rf\u00f6rl\u00e4ngningsid\u00e9. Och om hur hon anser att ocks\u00e5 de som tappar sitt h\u00e5r i cancerbehandling ska kunna f\u00e5 ha riktigt h\u00e5r p\u00e5 sitt huvud.<br \/>\nDet \u00e4r en fantastisk ber\u00e4ttelse om nyf\u00f6retagande. Hennes f\u00f6retags hundramiljoneroms\u00e4ttning och om h\u00e5llbart f\u00f6retagande med h\u00e5llbara id\u00e9er som krav.<br \/>\nDet \u00e4r en story som f\u00e5tt mig att ber\u00e4tta om <strong>Ida Backlund<\/strong> g\u00e5ng p\u00e5 g\u00e5ng om detta och att r\u00f6ras av flickan fr\u00e5n Gr\u00f6n\u00e5ker. Det \u00e4r s\u00e5 Storytelling arbetar. Emotionellt, h\u00e4ndelsebaserat ber\u00e4ttande.<br \/>\nI dag skriver <a href=\"http:\/\/www.dn.se\/ekonomi\/ida-backlund-det-ar-haret-som-skapar-ens-identitet\/\">Anna Bodin<\/strong> i Dagens Nyheter <\/a> en fantastisk artikel om Ida Backlund och f\u00f6retaget <em>Rapunzel of Sweden<\/em>. Corporate Storytelling anknyter g\u00e4rna till den klassiska arketypiska sagan. Historien har n\u00e4mligen inte stannat och allt handlar idag, precis som f\u00f6rr, om vad som h\u00e4nder, om grundv\u00e4rden och om v\u00e5ra k\u00e4nslor.<br \/>\nDetta \u00e4r d\u00e4rmed ocks\u00e5 <em>Br\u00f6derna Grimm<\/em> i 2010-talsvariant. Det \u00e4r det det handlar om. Verklighet idag. Saga i morgon.<br \/>\nCorporate Storytelling arbetar medvetet med att l\u00e5ta ber\u00e4ttelsen p\u00e5verka.<\/p>\n","protected":false},"excerpt":{"rendered":"<p>Jag har h\u00f6rt den g\u00e5ng p\u00e5 g\u00e5ng n\u00e4r jag tr\u00e4ffat entrepren\u00f6rer, framf\u00f6rallt fr\u00e5n kvinnor som satsat p\u00e5 f\u00f6retagande. Ber\u00e4ttelsen om den unga kvinnan fr\u00e5n V\u00e4sterbottens inland och om hennes h\u00e5r. Hur hon pottklippte sitt l\u00e5nga obehandlade midjeh\u00e5r och \u00e5ngrade sig. Om alla hennes h\u00e5rid\u00e9er och om hur hon fick nej hos banken och k\u00f6rde p\u00e5&#8230;<\/p>\n","protected":false},"author":2,"featured_media":0,"comment_status":"open","ping_status":"open","sticky":false,"template":"","format":"standard","meta":[],"categories":[3],"tags":[],"_links":{"self":[{"href":"https:\/\/storytellers.se\/index.php?rest_route=\/wp\/v2\/posts\/3926"}],"collection":[{"href":"https:\/\/storytellers.se\/index.php?rest_route=\/wp\/v2\/posts"}],"about":[{"href":"https:\/\/storytellers.se\/index.php?rest_route=\/wp\/v2\/types\/post"}],"author":[{"embeddable":true,"href":"https:\/\/storytellers.se\/index.php?rest_route=\/wp\/v2\/users\/2"}],"replies":[{"embeddable":true,"href":"https:\/\/storytellers.se\/index.php?rest_route=%2Fwp%2Fv2%2Fcomments&post=3926"}],"version-history":[{"count":0,"href":"https:\/\/storytellers.se\/index.php?rest_route=\/wp\/v2\/posts\/3926\/revisions"}],"wp:attachment":[{"href":"https:\/\/storytellers.se\/index.php?rest_route=%2Fwp%2Fv2%2Fmedia&parent=3926"}],"wp:term":[{"taxonomy":"category","embeddable":true,"href":"https:\/\/storytellers.se\/index.php?rest_route=%2Fwp%2Fv2%2Fcategories&post=3926"},{"taxonomy":"post_tag","embeddable":true,"href":"https:\/\/storytellers.se\/index.php?rest_route=%2Fwp%2Fv2%2Ftags&post=3926"}],"curies":[{"name":"wp","href":"https:\/\/api.w.org\/{rel}","templated":true}]}}