{"id":3916,"date":"2014-02-14T15:07:27","date_gmt":"2014-02-14T14:07:27","guid":{"rendered":"http:\/\/storytellers.se\/?p=3916"},"modified":"2014-02-14T15:07:27","modified_gmt":"2014-02-14T14:07:27","slug":"kulturchef-att-hyra","status":"publish","type":"post","link":"https:\/\/storytellers.se\/?p=3916","title":{"rendered":"Kulturchef att hyra"},"content":{"rendered":"<p>Jag t\u00e4nker erbjuda en <em><strong>&#8221;Kulturchef-att-hyra-verksamhet&#8221;<\/strong><\/em> till privat, offentlig och ideell verksamhet. Det \u00e4r f\u00f6r mig obegripligt att inga har detta ansvar i organisationerna idag. Jag tror att min insats kan komma att inneb\u00e4ra n\u00e5gon slags prenumeration d\u00e4r jag \u00e5tar mig att komma n\u00e5gra g\u00e5nger om \u00e5ret f\u00f6r att s\u00e4tta ig\u00e5ng det hela genom att bidra till att synligg\u00f6ra kulturkapitalet och sk\u00f6rda ur det, fr\u00e4mst genom att visa de aff\u00e4rsst\u00f6djande ber\u00e4ttelserna.<br \/>\nJag har redan en bifirma som heter <em>Storytellerakademin<\/em> och jag funderar p\u00e5 om det kanske \u00e4r d\u00e4r det h\u00e4r skulle kunna drivas. Jag har ocks\u00e5 ett n\u00e4tverk av m\u00e4nniskor som f\u00f6rst\u00e5r v\u00e4rdet av organisationskulturen och hur man s\u00e4tter den i arbete. Om vi sen kallar funktionen kulturchef, kulturcoach, kulturcontroller, kulturantropolog eller n\u00e5got annat beror nog p\u00e5 de relationer vi kan bygga tillsammans. Och hur omfattande samarbetet kan bli.<br \/>\nOm du och din organisation \u00e4r intresserad av att f\u00f6ruts\u00e4ttningsl\u00f6st diskutera ett uppl\u00e4gg s\u00e5 \u00e4r jag intresserad av att h\u00f6ra hur er tankar g\u00e5r. Mejla om du vill framf\u00f6ra eller f\u00e5 en synpunkt ( matts@storytellers.se ) S\u00e5dana samtal tror jag skulle kunna skissa olika modeller som f\u00f6rst\u00e5s siktar p\u00e5 att f\u00f6retaget eller organisationen i f\u00f6rl\u00e4ngningen, efter utbildning och skolning, tar sj\u00e4lvst\u00e4ndigt ansvar f\u00f6r att s\u00e4tta det egna kulturkapitalet i arbete.<\/p>\n","protected":false},"excerpt":{"rendered":"<p>Jag t\u00e4nker erbjuda en &#8221;Kulturchef-att-hyra-verksamhet&#8221; till privat, offentlig och ideell verksamhet. Det \u00e4r f\u00f6r mig obegripligt att inga har detta ansvar i organisationerna idag. Jag tror att min insats kan komma att inneb\u00e4ra n\u00e5gon slags prenumeration d\u00e4r jag \u00e5tar mig att komma n\u00e5gra g\u00e5nger om \u00e5ret f\u00f6r att s\u00e4tta ig\u00e5ng det hela genom att bidra&#8230;<\/p>\n","protected":false},"author":2,"featured_media":0,"comment_status":"open","ping_status":"open","sticky":false,"template":"","format":"standard","meta":[],"categories":[9],"tags":[],"_links":{"self":[{"href":"https:\/\/storytellers.se\/index.php?rest_route=\/wp\/v2\/posts\/3916"}],"collection":[{"href":"https:\/\/storytellers.se\/index.php?rest_route=\/wp\/v2\/posts"}],"about":[{"href":"https:\/\/storytellers.se\/index.php?rest_route=\/wp\/v2\/types\/post"}],"author":[{"embeddable":true,"href":"https:\/\/storytellers.se\/index.php?rest_route=\/wp\/v2\/users\/2"}],"replies":[{"embeddable":true,"href":"https:\/\/storytellers.se\/index.php?rest_route=%2Fwp%2Fv2%2Fcomments&post=3916"}],"version-history":[{"count":0,"href":"https:\/\/storytellers.se\/index.php?rest_route=\/wp\/v2\/posts\/3916\/revisions"}],"wp:attachment":[{"href":"https:\/\/storytellers.se\/index.php?rest_route=%2Fwp%2Fv2%2Fmedia&parent=3916"}],"wp:term":[{"taxonomy":"category","embeddable":true,"href":"https:\/\/storytellers.se\/index.php?rest_route=%2Fwp%2Fv2%2Fcategories&post=3916"},{"taxonomy":"post_tag","embeddable":true,"href":"https:\/\/storytellers.se\/index.php?rest_route=%2Fwp%2Fv2%2Ftags&post=3916"}],"curies":[{"name":"wp","href":"https:\/\/api.w.org\/{rel}","templated":true}]}}