{"id":3910,"date":"2014-02-10T14:11:20","date_gmt":"2014-02-10T13:11:20","guid":{"rendered":"http:\/\/storytellers.se\/?p=3910"},"modified":"2014-02-10T14:11:20","modified_gmt":"2014-02-10T13:11:20","slug":"nyhetsbrev-87","status":"publish","type":"post","link":"https:\/\/storytellers.se\/?p=3910","title":{"rendered":"Nyhetsbrev 87"},"content":{"rendered":"<p>Det h\u00e4r nyhetsbrevet har i dag g\u00e5tt ut till alla prenumeranter. Vill du ocks\u00e5 f\u00e5 detta, sj\u00e4lvfallet kostnadsfritt, s\u00e5 mejla till matts@storytellers.se<\/p>\n<p><strong>Nyhetsbrev 87<\/strong><br \/>\nHej Storytellerv\u00e4n<\/p>\n<p>H\u00e4r kommer det \u00e5ttiosjunde nyhetsbrevet fr\u00e5n storytellers.se som du f\u00e5r f\u00f6r att du bett om det. Det \u00e4r jag, <strong>Matts Heijbel<\/strong>, som ber\u00e4ttar om tankar som jag haft sedan det f\u00f6rra brevet aprop\u00e5 storytelling i och om organisationer. Storytelling \u00e4r, r\u00e4tt anv\u00e4nt, ett mycket kraftfullt kommunikationsverktyg som kan anv\u00e4ndas vid ledarskap, marknadsf\u00f6ring, s\u00e4lj och rekrytering.<\/p>\n<p>Se l\u00e4ngst ned om mitt n\u00e4sta frukostseminarium den 18 februari.<\/p>\n<p>+++++++++++++++++++++++++++++++++++++++++++++++++<\/p>\n<p><em>Hon var helt utbr\u00e4nd. Satt bara p\u00e5 golvet och tittade helt utmattad framf\u00f6r sig n\u00e4r familjen hade g\u00e5tt p\u00e5 morgonen. Att l\u00e4mna hemmet och g\u00e5 ut och g\u00e5 var det inte fr\u00e5gan om hon var alldeles f\u00f6r sk\u00f6r f\u00f6r det. Hon hade g\u00e5tt in i den s\u00e5 kallade v\u00e4ggen.<\/p>\n<p>Men en hund? Kanske en hund kunde vara n\u00e5got? D\u00e5 m\u00e5ste hon ju helt enkelt g\u00e5 ut varje dag.<br \/>\nHon skaffade d\u00e4rf\u00f6r en hund och han var, visade det sig, lika mycket under isen som hon. En r\u00e4tt hoppl\u00f6s men s\u00f6t liten hund, tyckte familjen. Gullig.<\/p>\n<p>D\u00e5 kom hon i kontakt med doglistening och ville senare bli v\u00e4gledd och coachad f\u00f6r att sj\u00e4lv dra ig\u00e5ng en s\u00e5dan verksamhet i egen firma. Hon fick kommentaren av r\u00e5dgivaren d\u00e4r hon s\u00f6kte st\u00f6d f\u00f6r sin aff\u00e4rsid\u00e9: Men du m\u00e5ste ju f\u00f6rs\u00f6rja dig lilla gumman. Hundpsykologi g\u00e5r ju inte att leva p\u00e5.<\/p>\n<p>Det gav henne en s\u00e5dan ursinnig jag-ska-visa-dem-energi att hon idag har en bred hundverksamhet och f\u00f6r n\u00e5gon m\u00e5nad sen kom hennes f\u00f6rsta bok om m\u00e4nniskan och hunden.<br \/>\n <\/em><br \/>\nJag har uppdrag av Tillv\u00e4xtverket att s\u00f6ka sanna h\u00e4ndelsebaserade ber\u00e4ttelser om kvinnor som f\u00f6retagare. Tanken \u00e4r att ber\u00e4ttelserna ytterst ska \u00f6ka och stimulera kvinnors f\u00f6retagande. Det \u00e4r fortfarande betydligt fler m\u00e4n \u00e4n kvinnor som \u00e4r f\u00f6retagare i Sverige.<\/p>\n<p>Hon fick nu ta tag i sitt f\u00f6retagande sj\u00e4lv och utan st\u00f6d fr\u00e5n samh\u00e4llet men ofta f\u00e5r kvinnorna faktiskt ett positivt och bra st\u00f6d och hj\u00e4lp att starta eget vilket skapar arbetstillf\u00e4llen och m\u00f6jligheter f\u00f6r dem p\u00e5 arbetsmarknaden. Jag skriver en del om detta p\u00e5 storytellers.se<\/p>\n<p>+++++++++++++++++++++++++++++++++++++++++++++++++<\/p>\n<p>Jag var nyligen p\u00e5 ett uppdrag i <strong>Dellenbygden<\/strong> i H\u00e4lsingland. Det handlade d\u00e5 om att s\u00f6ka ber\u00e4ttelser som ska f\u00e5 resande att stanna upp och uppt\u00e4cka denna kulturbygd som ocks\u00e5 \u00e4r en utvecklingsbygd med nyf\u00f6retagande. D\u00e4rf\u00f6r m\u00e5ste det till nya ber\u00e4ttelser ocks\u00e5. Det r\u00e4cker inte med bl\u00e5nande berg och h\u00e4lsingeg\u00e5rdar. F\u00e4bodvallarna m\u00e5ste kanske kopplas till modernt kvinnof\u00f6retagande och h\u00e4lsingekulturen som varit statarfri m\u00e5ste kanske speglas ocks\u00e5 i bilder ur 2010-talet.<\/p>\n<p>+++++++++++++++++++++++++++++++++++++++++++++++++<\/p>\n<p>N\u00e4r man arbetar med storytelling i och om organisationer och platser \u00e4r det viktigt att reflektera \u00f6ver vilka ber\u00e4ttelser man \u00f6nskar sig och vilka ber\u00e4ttelser man beh\u00f6ver. De finns men en strategisk tanke \u00e4r viktig n\u00e4r man dukar bordet med en storyrepertoar.<\/p>\n<p>Precis som i sl\u00e4kten s\u00e5 v\u00e4ljer man sina ber\u00e4ttelser. Det \u00e4r ingenting konstigt med det. Vilka ber\u00e4ttelser beh\u00f6ver vi f\u00f6r att bli vackra och framg\u00e5ngsrika? Vilka ber\u00e4ttelser vill vi inte ha med oss?<\/p>\n<p>+++++++++++++++++++++++++++++++++++++++++++++++++<\/p>\n<p>\u2022 H\u00e5ll ber\u00e4ttelsen kort. N\u00e5gra minuter \u00e4r lagom. Speciellt om du filmar den.<\/p>\n<p>\u2022 S\u00e4tt scenen, befolka ber\u00e4ttelsen och s\u00f6k en konflikt eller ett klimax som man kan f\u00f6rh\u00e5lla sig till och ha en synpunkt p\u00e5. Man beh\u00f6ver inte n\u00f6dv\u00e4ndigtvis tycka samma som andra men man f\u00f6rh\u00e5ller sig till samma h\u00e4ndelse. H\u00e4r skiljer sig storytelling fr\u00e5n journalistik och eller redovisning.<\/p>\n<p>\u2022 M\u00e5la med bred och f\u00e4rgrik pensel s\u00e5 att l\u00e4saren, tittaren eller lyssnaren kan f\u00f6lja med.<\/p>\n<p>\u2022 Provber\u00e4tta g\u00e4rna din story inf\u00f6r n\u00e5gra intresserade och v\u00e4lmenande m\u00e4nniskor som kan ge dig konstruktiv kritik.<\/p>\n<p>\u2022 Undvik siffror, datum, organisationstermer. Fokusera ist\u00e4llet p\u00e5 vad som faktiskt h\u00e4nde.<\/p>\n<p>+++++++++++++++++++++++++++++++++++++++++++++++++<\/p>\n<p>P\u00e5 tisdag i n\u00e4sta vecka, den 18 februari, har jag ett av mina \u00e5terkommande frukostseminarier p\u00e5 Krukmakaragatan 22 p\u00e5 S\u00f6dermalm i Stockholm. Det kostar ingenting. Ja bjuder p\u00e5 kaffe \/ te och frukt. Vi b\u00f6rjar med mingel 08.30 och jag talar och visar n\u00e5gra filmade exempel mellan 09.00 &#8211; 10.00 sen finns det m\u00f6jlighet till eftersnack f\u00f6r den som vill. Om du vill komma ska du mejla till matts@storytellers.se med rubrikraden 18 februari. Ber\u00e4tta lite kort vem du \u00e4r och varf\u00f6r du vill komma.<\/p>\n<p>+++++++++++++++++++++++++++++++++++++++++++++++++<\/p>\n<p>Detta var allt f\u00f6r den h\u00e4r g\u00e5ngen. Jag som skrev heter Matts Heijbel. Om du inte vill ha nyhetsbrevet mer s\u00e5 kan du v\u00e4nda detta brev med ett Nej Tack, s\u00e5 tar jag bort dig ur s\u00e4ndlistan.<\/p>\n<p>Matts Heijbel<\/p>\n<p>Stockholm \/ Gr\u00f6dinge<\/p>\n<p>10 februari 2014<\/p>\n","protected":false},"excerpt":{"rendered":"<p>Det h\u00e4r nyhetsbrevet har i dag g\u00e5tt ut till alla prenumeranter. Vill du ocks\u00e5 f\u00e5 detta, sj\u00e4lvfallet kostnadsfritt, s\u00e5 mejla till matts@storytellers.se Nyhetsbrev 87 Hej Storytellerv\u00e4n H\u00e4r kommer det \u00e5ttiosjunde nyhetsbrevet fr\u00e5n storytellers.se som du f\u00e5r f\u00f6r att du bett om det. Det \u00e4r jag, Matts Heijbel, som ber\u00e4ttar om tankar som jag haft sedan&#8230;<\/p>\n","protected":false},"author":2,"featured_media":0,"comment_status":"open","ping_status":"open","sticky":false,"template":"","format":"standard","meta":[],"categories":[8],"tags":[],"_links":{"self":[{"href":"https:\/\/storytellers.se\/index.php?rest_route=\/wp\/v2\/posts\/3910"}],"collection":[{"href":"https:\/\/storytellers.se\/index.php?rest_route=\/wp\/v2\/posts"}],"about":[{"href":"https:\/\/storytellers.se\/index.php?rest_route=\/wp\/v2\/types\/post"}],"author":[{"embeddable":true,"href":"https:\/\/storytellers.se\/index.php?rest_route=\/wp\/v2\/users\/2"}],"replies":[{"embeddable":true,"href":"https:\/\/storytellers.se\/index.php?rest_route=%2Fwp%2Fv2%2Fcomments&post=3910"}],"version-history":[{"count":0,"href":"https:\/\/storytellers.se\/index.php?rest_route=\/wp\/v2\/posts\/3910\/revisions"}],"wp:attachment":[{"href":"https:\/\/storytellers.se\/index.php?rest_route=%2Fwp%2Fv2%2Fmedia&parent=3910"}],"wp:term":[{"taxonomy":"category","embeddable":true,"href":"https:\/\/storytellers.se\/index.php?rest_route=%2Fwp%2Fv2%2Fcategories&post=3910"},{"taxonomy":"post_tag","embeddable":true,"href":"https:\/\/storytellers.se\/index.php?rest_route=%2Fwp%2Fv2%2Ftags&post=3910"}],"curies":[{"name":"wp","href":"https:\/\/api.w.org\/{rel}","templated":true}]}}