{"id":3907,"date":"2014-02-06T12:30:53","date_gmt":"2014-02-06T11:30:53","guid":{"rendered":"http:\/\/storytellers.se\/?p=3907"},"modified":"2014-02-06T12:30:53","modified_gmt":"2014-02-06T11:30:53","slug":"ga-inte-vilse-i-museet","status":"publish","type":"post","link":"https:\/\/storytellers.se\/?p=3907","title":{"rendered":"G\u00e5 inte vilse i museet"},"content":{"rendered":"<p>Jag \u00e4r intresserad av historia. Detta intresse ledde bland annat till studier i <em>etnologi<\/em> och <em>socialantropologi<\/em> n\u00e4r jag var ung. Och jag skrev n\u00e5gra biografier \u00f6ver historiska personer. Men! Som Corporate Storyteller p\u00e5minner jag ocks\u00e5 om nuet och om vad som ska komma, det vill s\u00e4ga framtiden.<br \/>\nJag hade i g\u00e5r seminarium, workshop och sk\u00f6rdefest i <strong>Dellenbygdens<\/strong> hj\u00e4rta, Delsbo. En bygd d\u00e4r statare aldrig funnits, d\u00e4r kvinnor hanterade en f\u00e4bodkultur som levt \u00e4nda in i modern tid. D\u00e4r det finns h\u00e4lsingeg\u00e5rdar av den typ som p\u00e5 andra h\u00e5ll i H\u00e4lsingland finns identifierade som v\u00e4rldsarv i dag.<br \/>\nD\u00e4r finns ocks\u00e5 en inflyttning av gr\u00f6na v\u00e5gare och \u00e5terv\u00e4ndare och numera ocks\u00e5 av flyktingar fr\u00e5n andra delar av v\u00e4rlden.<br \/>\nB\u00f6r dessa senare f\u00f6reteelser vara en del av Dellenbygdens storytelling? Det tycker jag. Man v\u00e4ljer f\u00f6rst\u00e5s sina ber\u00e4ttelser f\u00f6r att de passar en bygds strategi men man ska, tycker jag, se upp s\u00e5 man inte g\u00e5r vilse i museet.<\/p>\n","protected":false},"excerpt":{"rendered":"<p>Jag \u00e4r intresserad av historia. Detta intresse ledde bland annat till studier i etnologi och socialantropologi n\u00e4r jag var ung. Och jag skrev n\u00e5gra biografier \u00f6ver historiska personer. Men! Som Corporate Storyteller p\u00e5minner jag ocks\u00e5 om nuet och om vad som ska komma, det vill s\u00e4ga framtiden. Jag hade i g\u00e5r seminarium, workshop och sk\u00f6rdefest&#8230;<\/p>\n","protected":false},"author":2,"featured_media":0,"comment_status":"open","ping_status":"open","sticky":false,"template":"","format":"standard","meta":[],"categories":[2],"tags":[],"_links":{"self":[{"href":"https:\/\/storytellers.se\/index.php?rest_route=\/wp\/v2\/posts\/3907"}],"collection":[{"href":"https:\/\/storytellers.se\/index.php?rest_route=\/wp\/v2\/posts"}],"about":[{"href":"https:\/\/storytellers.se\/index.php?rest_route=\/wp\/v2\/types\/post"}],"author":[{"embeddable":true,"href":"https:\/\/storytellers.se\/index.php?rest_route=\/wp\/v2\/users\/2"}],"replies":[{"embeddable":true,"href":"https:\/\/storytellers.se\/index.php?rest_route=%2Fwp%2Fv2%2Fcomments&post=3907"}],"version-history":[{"count":0,"href":"https:\/\/storytellers.se\/index.php?rest_route=\/wp\/v2\/posts\/3907\/revisions"}],"wp:attachment":[{"href":"https:\/\/storytellers.se\/index.php?rest_route=%2Fwp%2Fv2%2Fmedia&parent=3907"}],"wp:term":[{"taxonomy":"category","embeddable":true,"href":"https:\/\/storytellers.se\/index.php?rest_route=%2Fwp%2Fv2%2Fcategories&post=3907"},{"taxonomy":"post_tag","embeddable":true,"href":"https:\/\/storytellers.se\/index.php?rest_route=%2Fwp%2Fv2%2Ftags&post=3907"}],"curies":[{"name":"wp","href":"https:\/\/api.w.org\/{rel}","templated":true}]}}