{"id":3889,"date":"2014-02-04T21:17:38","date_gmt":"2014-02-04T20:17:38","guid":{"rendered":"http:\/\/storytellers.se\/?p=3889"},"modified":"2014-02-04T21:17:38","modified_gmt":"2014-02-04T20:17:38","slug":"deltar-hos-hr-bloggen-10-mars","status":"publish","type":"post","link":"https:\/\/storytellers.se\/?p=3889","title":{"rendered":"Deltar hos HR-bloggen 10 mars"},"content":{"rendered":"<p>Den 10 mars medverkar jag i ett HR-seminarium, <strong><em>Employer branding f\u00f6r HR<\/em><\/strong>, i Stockholm tillsammans med <strong>Linus Holmgen<\/strong> och <strong>Annika Ahnlund<\/strong>. L\u00e4s och anm\u00e4l dig <a href=\"http:\/\/www.hrbloggen.se\/seminarier\/employer-branding-for-hr\">h\u00e4r<\/a> om du vill vara med. HR-bloggen.se arrangerar detta \u00e5terkommande seminarium som i regel \u00e4r uts\u00e5lt n\u00e4r det \u00e4r dags.<\/p>\n","protected":false},"excerpt":{"rendered":"<p>Den 10 mars medverkar jag i ett HR-seminarium, Employer branding f\u00f6r HR, i Stockholm tillsammans med Linus Holmgen och Annika Ahnlund. L\u00e4s och anm\u00e4l dig h\u00e4r om du vill vara med. HR-bloggen.se arrangerar detta \u00e5terkommande seminarium som i regel \u00e4r uts\u00e5lt n\u00e4r det \u00e4r dags.<\/p>\n","protected":false},"author":2,"featured_media":0,"comment_status":"open","ping_status":"open","sticky":false,"template":"","format":"standard","meta":[],"categories":[9],"tags":[],"_links":{"self":[{"href":"https:\/\/storytellers.se\/index.php?rest_route=\/wp\/v2\/posts\/3889"}],"collection":[{"href":"https:\/\/storytellers.se\/index.php?rest_route=\/wp\/v2\/posts"}],"about":[{"href":"https:\/\/storytellers.se\/index.php?rest_route=\/wp\/v2\/types\/post"}],"author":[{"embeddable":true,"href":"https:\/\/storytellers.se\/index.php?rest_route=\/wp\/v2\/users\/2"}],"replies":[{"embeddable":true,"href":"https:\/\/storytellers.se\/index.php?rest_route=%2Fwp%2Fv2%2Fcomments&post=3889"}],"version-history":[{"count":0,"href":"https:\/\/storytellers.se\/index.php?rest_route=\/wp\/v2\/posts\/3889\/revisions"}],"wp:attachment":[{"href":"https:\/\/storytellers.se\/index.php?rest_route=%2Fwp%2Fv2%2Fmedia&parent=3889"}],"wp:term":[{"taxonomy":"category","embeddable":true,"href":"https:\/\/storytellers.se\/index.php?rest_route=%2Fwp%2Fv2%2Fcategories&post=3889"},{"taxonomy":"post_tag","embeddable":true,"href":"https:\/\/storytellers.se\/index.php?rest_route=%2Fwp%2Fv2%2Ftags&post=3889"}],"curies":[{"name":"wp","href":"https:\/\/api.w.org\/{rel}","templated":true}]}}