{"id":3879,"date":"2014-01-29T14:40:13","date_gmt":"2014-01-29T13:40:13","guid":{"rendered":"http:\/\/storytellers.se\/?p=3879"},"modified":"2014-01-29T14:40:13","modified_gmt":"2014-01-29T13:40:13","slug":"bli-min-gast-18-februari","status":"publish","type":"post","link":"https:\/\/storytellers.se\/?p=3879","title":{"rendered":"Bli min g\u00e4st 18 februari"},"content":{"rendered":"<p>Kom till mig! Den 18 februari har jag ett av mina \u00e5terkommande frukostseminarier p\u00e5 S\u00f6dermalm i Stockholm. Jag bjuder p\u00e5 kaffe, te och frukt. Kanske en sk\u00e5l godis och ber\u00e4ttar om arbetet med <em>Storytelling i och om organisationer<\/em>. Gratis allts\u00e5 men jag vill att den som anm\u00e4lt sig verkligen kommer s\u00e5 att det inte hindrar n\u00e5gon annan.<br \/>\nDet b\u00f6rjar med mingel 08.30. Sedan ber\u00e4ttar jag om olika aspekter p\u00e5 storytelling och visar lite filmklipp och annat mellan kl 09.00 &#8211; 10.00. Efter det finns det m\u00f6jlighet till lite eftersnack f\u00f6r den som vill.<br \/>\nOm du vill vara med s\u00e5 mejlar du till matts@storytellers.se och skriver 18 februari i rubrikraden. Jag vill g\u00e4rna veta lite vem du \u00e4r, var du jobbar och varf\u00f6r du vill komma.<br \/>\nDet hela \u00e4r p\u00e5 <strong>K22<\/strong>, Krukmakargatan 22, jag \u00e5terkommer med detaljer som portkoder och s\u00e5nt till dig som anm\u00e4lt att du kommer.<\/p>\n","protected":false},"excerpt":{"rendered":"<p>Kom till mig! Den 18 februari har jag ett av mina \u00e5terkommande frukostseminarier p\u00e5 S\u00f6dermalm i Stockholm. Jag bjuder p\u00e5 kaffe, te och frukt. Kanske en sk\u00e5l godis och ber\u00e4ttar om arbetet med Storytelling i och om organisationer. Gratis allts\u00e5 men jag vill att den som anm\u00e4lt sig verkligen kommer s\u00e5 att det inte hindrar&#8230;<\/p>\n","protected":false},"author":2,"featured_media":0,"comment_status":"open","ping_status":"open","sticky":false,"template":"","format":"standard","meta":[],"categories":[9],"tags":[],"_links":{"self":[{"href":"https:\/\/storytellers.se\/index.php?rest_route=\/wp\/v2\/posts\/3879"}],"collection":[{"href":"https:\/\/storytellers.se\/index.php?rest_route=\/wp\/v2\/posts"}],"about":[{"href":"https:\/\/storytellers.se\/index.php?rest_route=\/wp\/v2\/types\/post"}],"author":[{"embeddable":true,"href":"https:\/\/storytellers.se\/index.php?rest_route=\/wp\/v2\/users\/2"}],"replies":[{"embeddable":true,"href":"https:\/\/storytellers.se\/index.php?rest_route=%2Fwp%2Fv2%2Fcomments&post=3879"}],"version-history":[{"count":0,"href":"https:\/\/storytellers.se\/index.php?rest_route=\/wp\/v2\/posts\/3879\/revisions"}],"wp:attachment":[{"href":"https:\/\/storytellers.se\/index.php?rest_route=%2Fwp%2Fv2%2Fmedia&parent=3879"}],"wp:term":[{"taxonomy":"category","embeddable":true,"href":"https:\/\/storytellers.se\/index.php?rest_route=%2Fwp%2Fv2%2Fcategories&post=3879"},{"taxonomy":"post_tag","embeddable":true,"href":"https:\/\/storytellers.se\/index.php?rest_route=%2Fwp%2Fv2%2Ftags&post=3879"}],"curies":[{"name":"wp","href":"https:\/\/api.w.org\/{rel}","templated":true}]}}