{"id":3877,"date":"2014-01-26T14:03:48","date_gmt":"2014-01-26T13:03:48","guid":{"rendered":"http:\/\/storytellers.se\/?p=3877"},"modified":"2014-01-26T14:03:48","modified_gmt":"2014-01-26T13:03:48","slug":"vad-ar-storytelling-egentligen","status":"publish","type":"post","link":"https:\/\/storytellers.se\/?p=3877","title":{"rendered":"Vad \u00e4r Storytelling &#8211; egentligen?"},"content":{"rendered":"<p><strong>Fr\u00e5ga:<\/strong><br \/>\nVad \u00e4r Corporate Storytelling?<br \/>\n<strong>Svar:<\/strong><br \/>\nJag f\u00e5r f\u00f6rst\u00e5s fr\u00e5gan ofta. Och jag f\u00e5r ibland h\u00f6ra fr\u00e5n m\u00e4nniskor att de minsann alltid har arbetat med storytelling och att det jag talar om inte \u00e4r n\u00e5got s\u00e4rskilt.<br \/>\nJag kan inte ge det exakta svaret men jag kan reflektera lite om det. Om man studerar <strong>Corporate Storytelling<\/strong> vid Harvard s\u00e5 handlar det om <em>Storytelling in and about organizations<\/em>. Det man sk\u00f6rdar \u00e4r <em>Business Narratives<\/em>.<br \/>\nJag h\u00f6rde nyligen om ett landsting d\u00e4r man sa sig h\u00e5lla p\u00e5 med Storytelling i \u00e4ldreomsorgen p\u00e5 boenden f\u00f6r senildementa \u00e4ldre m\u00e4nniskor. D\u00e5 menade man att man skickade en ber\u00e4ttare som ber\u00e4ttade sagor f\u00f6r de gamla om \u00e4ldre tider f\u00f6r att \u00e5ldringarna skulle f\u00e5 minnas och trivas. En slags underh\u00e5llning och rehab om man s\u00e5 vill. Visst kan det kallas Storytelling.<br \/>\nDet kan ocks\u00e5 kallas Storytelling om man samlar de gamlas ber\u00e4ttelser om sig sj\u00e4lva f\u00f6r att de ska f\u00e5 en tydligare personlig status &#8211; \u00e4ven om de anh\u00f6riga ibland kan v\u00e4nda sig mot ber\u00e4ttelsen och s\u00e4ga att det d\u00e4r st\u00e4mmer inte, mamma fantiserar.<br \/>\nN\u00e4r jag arbetar med Storytelling inom \u00e4ldreomsorgen handlar det oftast om hur man arbetar i organisationen, vilka v\u00e4rderingar som styr och meningen med att verksamheten finns. Allts\u00e5 ber\u00e4ttelser om faktiska m\u00e4nskliga m\u00f6ten mellan personal och brukare och deras anh\u00f6riga.<br \/>\nDessa ber\u00e4ttelser kan anv\u00e4ndas vid rekrytering, marknadsf\u00f6ring, kunskaps\u00f6verf\u00f6ring och i relationen med politiker och andra beslutsfattare.<br \/>\nDet \u00e4r allts\u00e5 viktigt att reflektera \u00f6ver vad vi menar n\u00e4r vi ger oss in i Storytelling \/ Storylistening kopplad till en verksamhet.<\/p>\n","protected":false},"excerpt":{"rendered":"<p>Fr\u00e5ga: Vad \u00e4r Corporate Storytelling? Svar: Jag f\u00e5r f\u00f6rst\u00e5s fr\u00e5gan ofta. Och jag f\u00e5r ibland h\u00f6ra fr\u00e5n m\u00e4nniskor att de minsann alltid har arbetat med storytelling och att det jag talar om inte \u00e4r n\u00e5got s\u00e4rskilt. Jag kan inte ge det exakta svaret men jag kan reflektera lite om det. Om man studerar Corporate Storytelling&#8230;<\/p>\n","protected":false},"author":2,"featured_media":0,"comment_status":"open","ping_status":"open","sticky":false,"template":"","format":"standard","meta":[],"categories":[6],"tags":[],"_links":{"self":[{"href":"https:\/\/storytellers.se\/index.php?rest_route=\/wp\/v2\/posts\/3877"}],"collection":[{"href":"https:\/\/storytellers.se\/index.php?rest_route=\/wp\/v2\/posts"}],"about":[{"href":"https:\/\/storytellers.se\/index.php?rest_route=\/wp\/v2\/types\/post"}],"author":[{"embeddable":true,"href":"https:\/\/storytellers.se\/index.php?rest_route=\/wp\/v2\/users\/2"}],"replies":[{"embeddable":true,"href":"https:\/\/storytellers.se\/index.php?rest_route=%2Fwp%2Fv2%2Fcomments&post=3877"}],"version-history":[{"count":0,"href":"https:\/\/storytellers.se\/index.php?rest_route=\/wp\/v2\/posts\/3877\/revisions"}],"wp:attachment":[{"href":"https:\/\/storytellers.se\/index.php?rest_route=%2Fwp%2Fv2%2Fmedia&parent=3877"}],"wp:term":[{"taxonomy":"category","embeddable":true,"href":"https:\/\/storytellers.se\/index.php?rest_route=%2Fwp%2Fv2%2Fcategories&post=3877"},{"taxonomy":"post_tag","embeddable":true,"href":"https:\/\/storytellers.se\/index.php?rest_route=%2Fwp%2Fv2%2Ftags&post=3877"}],"curies":[{"name":"wp","href":"https:\/\/api.w.org\/{rel}","templated":true}]}}