{"id":3871,"date":"2014-01-14T19:20:20","date_gmt":"2014-01-14T18:20:20","guid":{"rendered":"http:\/\/storytellers.se\/?p=3871"},"modified":"2014-01-14T19:20:20","modified_gmt":"2014-01-14T18:20:20","slug":"nyhetsbrev-86-om-lagereld-och-seminarium","status":"publish","type":"post","link":"https:\/\/storytellers.se\/?p=3871","title":{"rendered":"Nyhetsbrev 86 om l\u00e4gereld och seminarium"},"content":{"rendered":"<p>Nyhetsbrev 86:<\/p>\n<p>Hej Storytellerv\u00e4n<\/p>\n<p>H\u00e4r kommer det \u00e5ttiosj\u00e4tte nyhetsbrevet fr\u00e5n Storytellers. Du f\u00e5r det f\u00f6r att du p\u00e5 ett eller annat s\u00e4tt har bett om det. H\u00e4r ber\u00e4ttar jag, Matts Heijbel, om tankar jag haft sen senast i och om Storytelling i och om organisationer och om varor och tj\u00e4nster kopplade till dessa.<\/p>\n<p>Jag bjuder i slutet av brevet slutligen in dig till ett av mina kostnadsfria frukostseminarier i Stockholm. Den h\u00e4r g\u00e5ngen blir det nu p\u00e5 fredag, den 17 januari.<\/p>\n<p>++++++++++++++++++++++++++++++++++++++++++++++++<\/p>\n<p><strong>Ewa Braf<\/strong> \u00e4r konsult p\u00e5 <em>Ramb\u00f6ll Management Consulting<\/em>. Hon har varit p\u00e5 mina frukostseminarier och vi har sen diskuterat Storytelling och dess betydelse i kommunikation och ledarskap. Hon \u00e4r Filosofie Doktor vilket g\u00f6r att hon kan t\u00e4nka som en forskare. Det \u00e4r sk\u00f6nt att hon \u00e4nd\u00e5 kan acceptera tekniken som emotionell. Annars finns det gott om internationell akademisk litteratur i \u00e4mnet som l\u00e4tt stelopererar t\u00e4nket. Jag \u00e4r sj\u00e4lv akademiker men f\u00f6rs\u00f6ker \u00e4nda hantera Storytelling i och om organisationer p\u00e5 ett praktiskt, emotionellt och verktygsaktigt s\u00e4tt.<\/p>\n<p>S\u00e5 h\u00e4r skriver Ewa Braf bland annat i en text p\u00e5 Motivation.se:<br \/>\n<em>Matts Heijbel, v\u00e5r inhemske guru inom \u201dcorporate storytelling\u201d, sa under ett samtal: I grunden \u00e4r ber\u00e4ttandet en urkraft som finns hos oss alla, ofta som en outnyttjad kraft i arbetslivet. Organisationer beh\u00f6ver utveckla en ber\u00e4ttarkultur f\u00f6r att kunna tillvarata det kulturkapital som finns i f\u00f6retaget eller organisationen. Detta g\u00e4ller oavsett om det \u00e4r en privat, offentlig eller ideell organisation. Utan ber\u00e4ttelser kan n\u00e4mligen ingen m\u00e4nsklig kultur \u00f6verleva d\u00e4rf\u00f6r m\u00e5ste organisationer helt enkelt ber\u00e4tta. Detta kan man se som ett strategiskt f\u00f6rh\u00e5llningss\u00e4tt.<br \/>\n<a href=\"http:\/\/www.motivation.se\/leda\/kommunikation\/berattelsen-en-outnyttjad-urkraft\">H\u00e4r<\/a> finns hela artikeln:<\/em><\/p>\n<p>++++++++++++++++++++++++++++++++++++++++++++++++<\/p>\n<p>N\u00e4r man v\u00e4l har hittat och sk\u00f6rdat eller byggt ber\u00e4ttelser s\u00e5 g\u00e4ller det att dela dem ocks\u00e5. Det g\u00f6r man l\u00e4mpligast vid l\u00e4gerelden. Det \u00e4r d\u00e4r m\u00e4nniskor i alla tider har lyssnat och ber\u00e4ttat. Visat v\u00e4rderingar och tagit till sig eller avvisat m\u00e4nniskor och tankar.<\/p>\n<p>Nu har vi ju oftast eldningsf\u00f6rbud p\u00e5 v\u00e5ra arbetsplatser s\u00e5 man f\u00e5r n\u00f6ja sig med kaffeapparater och fikarum. Kanske samlas kring after work men framf\u00f6rallt har vi ju sociala medier d\u00e4r vi kan lyssna och ber\u00e4tta. D\u00e4r kan vi dela de ber\u00e4ttelser som visar var vi kommer ifr\u00e5n, var vi befinner oss och vart vi \u00e4r p\u00e5 v\u00e4g.<br \/>\nTa Facebook. Det \u00e4r samma gamla l\u00e4gereld. Eller snarare en miljard eldr som m\u00e4nniskor har t\u00e4nt och bjudit in till.<br \/>\nN\u00e4r jag s\u00f6ker och sk\u00f6rdar ber\u00e4ttelser p\u00e5 uppdrag \u00e4r jag noga med att ber\u00e4ttelsen ska s\u00e4tta en scen f\u00f6r att sedan f\u00f6ra in m\u00e4nniskor och h\u00e4ndelser. D\u00e5 kan det bli s\u00e5 h\u00e4r som n\u00e4r en vaktm\u00e4stare i Svenska Kyrkan  i \u00d6rebro ber\u00e4ttar.<\/p>\n<p><iframe loading=\"lazy\" title=\"Vaktm\u00e4staren som lyssnade\" width=\"700\" height=\"394\" src=\"https:\/\/www.youtube.com\/embed\/B-iazbrAmoE?feature=oembed\" frameborder=\"0\" allow=\"accelerometer; autoplay; clipboard-write; encrypted-media; gyroscope; picture-in-picture; web-share\" allowfullscreen><\/iframe><\/p>\n<p>++++++++++++++++++++++++++++++++++++++++++++++++<\/p>\n<p>Jag ber\u00e4ttar ocks\u00e5 p\u00e5 exempelvis Youtube d\u00e4r jag har fyra korta ber\u00e4ttelser aprop\u00e5 Corporate Storytelling. De finns ocks\u00e5 l\u00e4nkade under rubriken <a href=\"http:\/\/storytellers.se\/videofilmer\/\">story-tv<\/a> p\u00e5 storytellers.se. N\u00e4r jag senaste r\u00e4knade hade dessa klipp visats sammanlagt drygt 12.000 g\u00e5nger. S\u00e5 det finns tvekl\u00f6st ett intresse som \u00f6kat steg f\u00f6r steg sen jag b\u00f6rjade med dessa tankar f\u00f6r snart femton \u00e5r sen. Jag minns de f\u00f6rsta \u00e5ren d\u00e5 begreppen fortfarande var v\u00e4ldigt nya och ovana f\u00f6r de flesta svenskar. Nu har det satt sig \u00e4ven om jag fortfarande kan bli f\u00f6rundrad \u00f6ver att inte alla tar vara p\u00e5 sitt kulturkapital i form av ber\u00e4ttelser och s\u00e4tter det i arbete f\u00f6r organisationsutveckling, marknadsf\u00f6ring, s\u00e4lj och ledarskap.<\/p>\n<p>++++++++++++++++++++++++++++++++++++++++++++++++<\/p>\n<p>I dag tr\u00e4ffade jag en rektor och en l\u00e4rare fr\u00e5n en skola som vill bli b\u00e4ttre p\u00e5 att ta vara p\u00e5 sina ber\u00e4ttelser. D\u00e5 minns jag ber\u00e4ttelsen om Markus som gick i fyran p\u00e5 en annan skola.<\/p>\n<p>Inflyttningen till den delen av kommunen var s\u00e5 stor att skolan inte r\u00e4ckte till. Man var tvungen att bygga ett annex f\u00f6r att f\u00e5 plats med alla barn. Det gick d\u00e5 rykten att annexet skulle byggas i den dalg\u00e5ng som barnen \u00e4lskade att leka i p\u00e5 rasterna.<\/p>\n<p>D\u00e5 best\u00e4mde sig Markus, 10 \u00e5r, f\u00f6r att ta reda p\u00e5 fakta. Skulle de bli av med sin favoritdel av skolg\u00e5rden? N\u00e4r han m\u00f6tte rektorn i korridoren f\u00f6reslog han d\u00e4rf\u00f6r att de skulle ha ett m\u00f6te och tala om saken.<\/p>\n<p>\u2013 Visst, ska vi ta det nu? fr\u00e5gade rektorn. Hon var road av att Markus engagerade sig i den d\u00e4r fr\u00e5gan.<\/p>\n<p>Nej jag tycker vi best\u00e4mmer tid, till exempel p\u00e5 torsdag klockan ett, sa Markus.<\/p>\n<p>S\u00e5 fick det bli. P\u00e5 torsdag kom Markus och framf\u00f6rde sin och kamraternas oro. Rektorn visade d\u00e5 ritningarna och sa att de inte beh\u00f6vde oroa sig. Huset skulle byggas l\u00e4ngre bort n\u00e4rmare bollplanen.<\/p>\n<p>Markus fr\u00e5gade om han kunde f\u00e5 kopior p\u00e5 ritningarna och det fick han. Han rullade ihop ritningarna, bar dem under armen och tackade rektorn f\u00f6r ett bra m\u00f6te.<\/p>\n<p>Rektorn tyckte att b\u00e5de skolan, byggfirman och arkitekterna hade informerat och kallat till m\u00f6ten f\u00f6r barn och f\u00f6r\u00e4ldrar. Men uppenbarligen hade det inte g\u00e5tt fram. Men nu blev Markus den informat\u00f6r och l\u00e4nk till barnen som var n\u00f6dv\u00e4ndig.<\/p>\n<p>En s\u00e5dan ber\u00e4ttelse h\u00e4mtad fr\u00e5n verkligen kan anv\u00e4ndas f\u00f6r att p\u00e5minna oss om vad viktigt det \u00e4r att s\u00e4kra kommunikationen p\u00e5 skolan. En gullig ber\u00e4ttelse om en pojke som var fram\u00e5t men egentligen \u00e4r det en ber\u00e4ttelse med m\u00e5nga fler bottnar.<\/p>\n<p>++++++++++++++++++++++++++++++++++++++++++++++++<\/p>\n<p>Den 17 januari p\u00e5 morgonen kl 08.30 \u00f6ppnar jag d\u00f6rrarna till mitt konferensrum p\u00e5 Krukmakargatan 22 i Stockholm. Vill du komma som min g\u00e4st s\u00e5 kan du skicka ett mejl till matts@storytellers.se med rubriken 17 januari och n\u00e5gra rader om vem du \u00e4r och varf\u00f6r du vill komma. L\u00e4s mer om detta p\u00e5 storytellers.se<\/p>\n<p>++++++++++++++++++++++++++++++++++++++++++++++++<br \/>\nVill du inte ha nyhetsbrevet mer s\u00e5 kan du v\u00e4nda detta med ett Nej tack! S\u00e5 tar jag bort dig ur s\u00e4ndlistan h\u00e4lsar<\/p>\n<p>Matts Heijbel<\/p>\n<p>Stockholm \/ Gr\u00f6dinge 14 januari 2014<\/p>\n","protected":false},"excerpt":{"rendered":"<p>Nyhetsbrev 86: Hej Storytellerv\u00e4n H\u00e4r kommer det \u00e5ttiosj\u00e4tte nyhetsbrevet fr\u00e5n Storytellers. Du f\u00e5r det f\u00f6r att du p\u00e5 ett eller annat s\u00e4tt har bett om det. H\u00e4r ber\u00e4ttar jag, Matts Heijbel, om tankar jag haft sen senast i och om Storytelling i och om organisationer och om varor och tj\u00e4nster kopplade till dessa. Jag bjuder&#8230;<\/p>\n","protected":false},"author":2,"featured_media":0,"comment_status":"open","ping_status":"open","sticky":false,"template":"","format":"standard","meta":[],"categories":[8,9],"tags":[],"_links":{"self":[{"href":"https:\/\/storytellers.se\/index.php?rest_route=\/wp\/v2\/posts\/3871"}],"collection":[{"href":"https:\/\/storytellers.se\/index.php?rest_route=\/wp\/v2\/posts"}],"about":[{"href":"https:\/\/storytellers.se\/index.php?rest_route=\/wp\/v2\/types\/post"}],"author":[{"embeddable":true,"href":"https:\/\/storytellers.se\/index.php?rest_route=\/wp\/v2\/users\/2"}],"replies":[{"embeddable":true,"href":"https:\/\/storytellers.se\/index.php?rest_route=%2Fwp%2Fv2%2Fcomments&post=3871"}],"version-history":[{"count":0,"href":"https:\/\/storytellers.se\/index.php?rest_route=\/wp\/v2\/posts\/3871\/revisions"}],"wp:attachment":[{"href":"https:\/\/storytellers.se\/index.php?rest_route=%2Fwp%2Fv2%2Fmedia&parent=3871"}],"wp:term":[{"taxonomy":"category","embeddable":true,"href":"https:\/\/storytellers.se\/index.php?rest_route=%2Fwp%2Fv2%2Fcategories&post=3871"},{"taxonomy":"post_tag","embeddable":true,"href":"https:\/\/storytellers.se\/index.php?rest_route=%2Fwp%2Fv2%2Ftags&post=3871"}],"curies":[{"name":"wp","href":"https:\/\/api.w.org\/{rel}","templated":true}]}}