{"id":3859,"date":"2014-01-01T19:40:25","date_gmt":"2014-01-01T18:40:25","guid":{"rendered":"http:\/\/storytellers.se\/?p=3859"},"modified":"2014-01-01T19:40:25","modified_gmt":"2014-01-01T18:40:25","slug":"var-berattar-jag","status":"publish","type":"post","link":"https:\/\/storytellers.se\/?p=3859","title":{"rendered":"Var ber\u00e4ttar jag?"},"content":{"rendered":"<p><strong>Fr\u00e5ga:<\/strong><br \/>\nL\u00e4ste din bok i h\u00f6stas, och k\u00f6per mycket av ditt resonemang. Men, och h\u00e4r \u00e4r en sak som inte riktigt kommer in i huvudet, var ber\u00e4ttar jag mina historier? Hur publicerar en stor organisation detta, utan att det verkar konstlat? Vad g\u00f6r exempelvis en stor organisations ber\u00e4ttelser f\u00f6r nytta, och framf\u00f6rallt, hur\/var? \/ G\u00f6ran<\/p>\n<p><strong>Svar:<\/strong><br \/>\nN\u00e4r organisationen har funnit och sk\u00f6rdat en repertoar av ber\u00e4ttelser s\u00e5 b\u00f6rjar arbetet annars riskerar det att stanna vid ett event eller helt enkelt en happening. Det kan i och f\u00f6r sig vara b\u00e5de roligt och uppfriskande och s\u00e5 g\u00f6r vi ibland vid kick-offer och liknande. Men det \u00e4r klart man b\u00f6r distribuera ber\u00e4ttelserna om man vill b\u00f6rja bygga en <em>ber\u00e4ttande organisation<\/em>.<br \/>\nMed min modell kan man f\u00e5 fram en f\u00f6rsta sk\u00f6rd redan p\u00e5 en dag. Sen b\u00f6rjar det. Hur man vill man r\u00e4dda och paketera dem. Skriftligt, filmat, som ljudfil eller som in\u00f6vat muntligt ber\u00e4ttande till exempel. Eller alla dessa format.<br \/>\nMan kan ha dem p\u00e5 intran\u00e4t eller p\u00e5 hemsidan. Man kan strategiskt anv\u00e4nda dem i den i olika sammanhang p\u00e5 den sociala webben.<br \/>\nMan kan anv\u00e4nda dem i ledarskapet och i relationer till media och vid introduktion av nyanst\u00e4llda. Med mera, med mera.Man kan till och med ha dem i ljudduschar eller inom glas och ram i foaj\u00e9er och konferenslokaler eller i k\u00f6pcentra.<br \/>\nDin fr\u00e5ga \u00e4r mycket ber\u00e4ttigad och den pekar p\u00e5 ett problem. Man m\u00e5ste inse att detta inte rullar p\u00e5 av sig sj\u00e4lv. Det kr\u00e4vs att n\u00e5gon \/ n\u00e5gra har ansvar f\u00f6r att driva p\u00e5.<br \/>\nEtt exempel som jag varit involverad i nyligen \u00e4r Svenska Kyrkan i \u00d6rebro som valt att l\u00e4gga ut n\u00e5gra ber\u00e4ttelser p\u00e5 sin <a href=\"http:\/\/svenskakyrkan.se\/orebro\/vart-uppdrag-att-gora-gott\">hemsida<\/a>. Dessa s\u00f6kte, fann och filmade vi p\u00e5 en enda dag. Jag och en av de filmare jag arbetar med. S\u00e5 det \u00e4r snabbt. Inspelat direkt. Inga manus, inga klipp och inga sk\u00e5despelare.<\/p>\n","protected":false},"excerpt":{"rendered":"<p>Fr\u00e5ga: L\u00e4ste din bok i h\u00f6stas, och k\u00f6per mycket av ditt resonemang. Men, och h\u00e4r \u00e4r en sak som inte riktigt kommer in i huvudet, var ber\u00e4ttar jag mina historier? Hur publicerar en stor organisation detta, utan att det verkar konstlat? Vad g\u00f6r exempelvis en stor organisations ber\u00e4ttelser f\u00f6r nytta, och framf\u00f6rallt, hur\/var? \/ G\u00f6ran&#8230;<\/p>\n","protected":false},"author":2,"featured_media":0,"comment_status":"open","ping_status":"open","sticky":false,"template":"","format":"standard","meta":[],"categories":[6],"tags":[],"_links":{"self":[{"href":"https:\/\/storytellers.se\/index.php?rest_route=\/wp\/v2\/posts\/3859"}],"collection":[{"href":"https:\/\/storytellers.se\/index.php?rest_route=\/wp\/v2\/posts"}],"about":[{"href":"https:\/\/storytellers.se\/index.php?rest_route=\/wp\/v2\/types\/post"}],"author":[{"embeddable":true,"href":"https:\/\/storytellers.se\/index.php?rest_route=\/wp\/v2\/users\/2"}],"replies":[{"embeddable":true,"href":"https:\/\/storytellers.se\/index.php?rest_route=%2Fwp%2Fv2%2Fcomments&post=3859"}],"version-history":[{"count":0,"href":"https:\/\/storytellers.se\/index.php?rest_route=\/wp\/v2\/posts\/3859\/revisions"}],"wp:attachment":[{"href":"https:\/\/storytellers.se\/index.php?rest_route=%2Fwp%2Fv2%2Fmedia&parent=3859"}],"wp:term":[{"taxonomy":"category","embeddable":true,"href":"https:\/\/storytellers.se\/index.php?rest_route=%2Fwp%2Fv2%2Fcategories&post=3859"},{"taxonomy":"post_tag","embeddable":true,"href":"https:\/\/storytellers.se\/index.php?rest_route=%2Fwp%2Fv2%2Ftags&post=3859"}],"curies":[{"name":"wp","href":"https:\/\/api.w.org\/{rel}","templated":true}]}}