{"id":3851,"date":"2013-12-28T10:26:12","date_gmt":"2013-12-28T09:26:12","guid":{"rendered":"http:\/\/storytellers.se\/?p=3851"},"modified":"2013-12-28T10:26:12","modified_gmt":"2013-12-28T09:26:12","slug":"botkyrka-langt-ifran-lagom","status":"publish","type":"post","link":"https:\/\/storytellers.se\/?p=3851","title":{"rendered":"Botkyrka &#8211; l\u00e5ngt ifr\u00e5n lagom"},"content":{"rendered":"<p>Jag har arbetat en del med <em>Botkyrka kommun<\/em>. Botkyrka \u00e4r en kommun med stor befolkning. Den ligger i s\u00f6dra Storstockholm och har Sveriges yngsta och mest internationella befolkning. Botkyrka har allts\u00e5 framtiden f\u00f6r sig och \u00e4r <strong><em>L\u00e5ngt ifr\u00e5n lagom<\/em><\/strong>.<br \/>\nDet d\u00e4r st\u00e4mmer f\u00f6rst\u00e5s statistiskt och jag tycker \u00e4ven att kommunens slogan f\u00e5ngar platsens utmaningar och kultur p\u00e5 ett bra s\u00e4tt. Men f\u00f6r en Corporate Storyteller beh\u00f6vs f\u00f6rst\u00e5s ber\u00e4ttelser om h\u00e4ndelser som i b\u00e4sta fall bekr\u00e4ftar p\u00e5st\u00e5endet.<br \/>\nSom den om ananas\u00e4lgen.<br \/>\nDen handlar om en \u00e4lgen som kom springande med ananas i munnen eftersom jaktlagen i norra Botkyrka \u00e4ven har invandrare med i laget och &#8211; ja du vet &#8211; en del invandrare s\u00e4ljer p\u00e5 torget och ibland blir det varor \u00f6ver som jaktlaget till\u00e5ter att de l\u00e4ggs ut till \u00e4lgarna. D\u00e4rf\u00f6r kan man se en \u00e4lg komma springande genom skogen med en ananas i munnen.<br \/>\n<em><strong>Det \u00e4r l\u00e5ngt ifr\u00e5n lagom!<\/strong><\/em> Ber\u00e4ttelsen vill visa att i en kommun med n\u00e4rmare tv\u00e5 hundra spr\u00e5k har till och med de normalt etniskt oblandade jaktlagen b\u00f6rjat \u00f6ppna sig.<br \/>\nEn slogan lever inte, f\u00e5r inte luft under vingarna, utan bekr\u00e4ftande ber\u00e4ttelser. Det \u00e4r en dimension av kommunal storytelling.<br \/>\nMen vilka ber\u00e4ttelser ska kunna bekr\u00e4fta svepande slogans som: <em>V\u00e4lkommen ombord<\/em> (G\u00e4vle), <em>H\u00e4r f\u00e5r du livstid<\/em> (Fagersta), <em>Bo i G\u00f6tene -lev i v\u00e4rlden<\/em> (G\u00f6tene). De \u00e4r sv\u00e5ra att f\u00f6rankra.<br \/>\nHur det \u00e4n \u00e4r s\u00e5 beh\u00f6vs det bekr\u00e4ftande ber\u00e4ttelser, helst redan innan man formulerar sin one-liner-slogan. Jag vet hur man g\u00f6r efter s\u00e4kert 20 uppdrag fr\u00e5n kommuner och kan redan p\u00e5 en dag finna det inneh\u00e5ll som i b\u00e4sta fall kan befolka p\u00e5st\u00e5endet. Speciellt om det handlar rimliga om p\u00e5st\u00e5enden som &#8211; <strong><strong>L\u00e5ngt ifr\u00e5n lagom!<\/strong><\/strong><\/p>\n","protected":false},"excerpt":{"rendered":"<p>Jag har arbetat en del med Botkyrka kommun. Botkyrka \u00e4r en kommun med stor befolkning. Den ligger i s\u00f6dra Storstockholm och har Sveriges yngsta och mest internationella befolkning. Botkyrka har allts\u00e5 framtiden f\u00f6r sig och \u00e4r L\u00e5ngt ifr\u00e5n lagom. Det d\u00e4r st\u00e4mmer f\u00f6rst\u00e5s statistiskt och jag tycker \u00e4ven att kommunens slogan f\u00e5ngar platsens utmaningar och&#8230;<\/p>\n","protected":false},"author":2,"featured_media":0,"comment_status":"open","ping_status":"open","sticky":false,"template":"","format":"standard","meta":[],"categories":[2],"tags":[],"_links":{"self":[{"href":"https:\/\/storytellers.se\/index.php?rest_route=\/wp\/v2\/posts\/3851"}],"collection":[{"href":"https:\/\/storytellers.se\/index.php?rest_route=\/wp\/v2\/posts"}],"about":[{"href":"https:\/\/storytellers.se\/index.php?rest_route=\/wp\/v2\/types\/post"}],"author":[{"embeddable":true,"href":"https:\/\/storytellers.se\/index.php?rest_route=\/wp\/v2\/users\/2"}],"replies":[{"embeddable":true,"href":"https:\/\/storytellers.se\/index.php?rest_route=%2Fwp%2Fv2%2Fcomments&post=3851"}],"version-history":[{"count":0,"href":"https:\/\/storytellers.se\/index.php?rest_route=\/wp\/v2\/posts\/3851\/revisions"}],"wp:attachment":[{"href":"https:\/\/storytellers.se\/index.php?rest_route=%2Fwp%2Fv2%2Fmedia&parent=3851"}],"wp:term":[{"taxonomy":"category","embeddable":true,"href":"https:\/\/storytellers.se\/index.php?rest_route=%2Fwp%2Fv2%2Fcategories&post=3851"},{"taxonomy":"post_tag","embeddable":true,"href":"https:\/\/storytellers.se\/index.php?rest_route=%2Fwp%2Fv2%2Ftags&post=3851"}],"curies":[{"name":"wp","href":"https:\/\/api.w.org\/{rel}","templated":true}]}}