{"id":3826,"date":"2013-12-21T18:40:58","date_gmt":"2013-12-21T17:40:58","guid":{"rendered":"http:\/\/storytellers.se\/?p=3826"},"modified":"2013-12-21T18:40:58","modified_gmt":"2013-12-21T17:40:58","slug":"vaktmastaren-som-lyssnade","status":"publish","type":"post","link":"https:\/\/storytellers.se\/?p=3826","title":{"rendered":"Vaktm\u00e4staren som lyssnade"},"content":{"rendered":"<p>Man s\u00e4ger ofta att alla i en organisation har ansvar f\u00f6r verksamheten &#8211; ocks\u00e5 utanf\u00f6r den egna rutan. Det \u00e4r n\u00e4mligen inte alltid som kunden ser medarbetarnas olika roller. Jag har tillsammans med filmare samlat ber\u00e4ttelser i \u00d6rebro f\u00f6rsamling d\u00e5 blev detta med allas ansvar uppenbart vid en h\u00e4ndelse <em>S:t Nicolai kyrka<\/em>. Efter l\u00f6rdagsmusiken kom en olycklig flicka in i kyrkan. Hon ville tala med en pr\u00e4st eller diakon. Men det fanns ingen d\u00e4r just d\u00e5, f\u00f6rklarade vaktm\u00e4staren. Kan du lyssna p\u00e5 mig lite d\u00e5, fr\u00e5gade flickan. Hon ville inte leva l\u00e4ngre. Sj\u00e4lvklart lyssnade vaktm\u00e4staren d\u00e4r i kyrkan:<br \/>\n<iframe loading=\"lazy\" title=\"Vaktm\u00e4staren som lyssnade\" width=\"700\" height=\"394\" src=\"https:\/\/www.youtube.com\/embed\/B-iazbrAmoE?feature=oembed\" frameborder=\"0\" allow=\"accelerometer; autoplay; clipboard-write; encrypted-media; gyroscope; picture-in-picture; web-share\" allowfullscreen><\/iframe><\/p>\n","protected":false},"excerpt":{"rendered":"<p>Man s\u00e4ger ofta att alla i en organisation har ansvar f\u00f6r verksamheten &#8211; ocks\u00e5 utanf\u00f6r den egna rutan. Det \u00e4r n\u00e4mligen inte alltid som kunden ser medarbetarnas olika roller. Jag har tillsammans med filmare samlat ber\u00e4ttelser i \u00d6rebro f\u00f6rsamling d\u00e5 blev detta med allas ansvar uppenbart vid en h\u00e4ndelse S:t Nicolai kyrka. Efter l\u00f6rdagsmusiken kom&#8230;<\/p>\n","protected":false},"author":2,"featured_media":0,"comment_status":"open","ping_status":"open","sticky":false,"template":"","format":"standard","meta":[],"categories":[3],"tags":[],"_links":{"self":[{"href":"https:\/\/storytellers.se\/index.php?rest_route=\/wp\/v2\/posts\/3826"}],"collection":[{"href":"https:\/\/storytellers.se\/index.php?rest_route=\/wp\/v2\/posts"}],"about":[{"href":"https:\/\/storytellers.se\/index.php?rest_route=\/wp\/v2\/types\/post"}],"author":[{"embeddable":true,"href":"https:\/\/storytellers.se\/index.php?rest_route=\/wp\/v2\/users\/2"}],"replies":[{"embeddable":true,"href":"https:\/\/storytellers.se\/index.php?rest_route=%2Fwp%2Fv2%2Fcomments&post=3826"}],"version-history":[{"count":0,"href":"https:\/\/storytellers.se\/index.php?rest_route=\/wp\/v2\/posts\/3826\/revisions"}],"wp:attachment":[{"href":"https:\/\/storytellers.se\/index.php?rest_route=%2Fwp%2Fv2%2Fmedia&parent=3826"}],"wp:term":[{"taxonomy":"category","embeddable":true,"href":"https:\/\/storytellers.se\/index.php?rest_route=%2Fwp%2Fv2%2Fcategories&post=3826"},{"taxonomy":"post_tag","embeddable":true,"href":"https:\/\/storytellers.se\/index.php?rest_route=%2Fwp%2Fv2%2Ftags&post=3826"}],"curies":[{"name":"wp","href":"https:\/\/api.w.org\/{rel}","templated":true}]}}