{"id":3820,"date":"2013-12-21T09:40:15","date_gmt":"2013-12-21T08:40:15","guid":{"rendered":"http:\/\/storytellers.se\/?p=3820"},"modified":"2013-12-21T09:40:15","modified_gmt":"2013-12-21T08:40:15","slug":"satt-en-scen","status":"publish","type":"post","link":"https:\/\/storytellers.se\/?p=3820","title":{"rendered":"S\u00e4tt en scen"},"content":{"rendered":"<p>F\u00f6r mig \u00e4r det obegripligt att inte alla f\u00f6retag och organisationer s\u00f6ker, sk\u00f6rdar &#8211; ja till och med bygger &#8211; sina ber\u00e4ttelser ur verkligheten f\u00f6r att sedan s\u00e4tta dem i arbete f\u00f6r att utveckla organisationen.<br \/>\nJag tycker att st\u00f6rre organisationer borde ha en utpekad <strong><em>kulturchef<\/em><\/strong> som har ansvar f\u00f6r organisationskulturen och d\u00e4rmed f\u00f6r de kultur- och aff\u00e4rsdrivande ber\u00e4ttelserna. Mindre f\u00f6retag och organisationer kanske inte kan en s\u00e5dan heltidare men d\u00e5 identifierar man en person som har ansvaret.<br \/>\nMan kan till och med k\u00f6pa in den tj\u00e4nsten utifr\u00e5n men n\u00e5gra m\u00e5ste vara &#8221;<em>value champions<\/em>&#8221; som ett f\u00f6retag jag jobbade med kallade detta.<br \/>\nHur g\u00f6r man d\u00e5? Jag menar hur bygger man storyn? D\u00e5 g\u00e4ller inte det som jag under m\u00e5nga \u00e5r, som l\u00e4rare p\u00e5 Journalisth\u00f6gskolan, l\u00e4rde ut: F\u00f6lj banan <em>N\u00e4r, var, hur, vem, vad och varf\u00f6r<\/em> och du f\u00e5r en artikel. Det st\u00e4mmer ju ofta i framf\u00f6rallt nyhetsjournalistiken.<br \/>\nNej i Storytellandet s\u00e4tter man lugnt och fint en scen som l\u00e4saren, lyssnaren, tittaren kan ta till sig och fylla med sina associationer. Sedan f\u00f6r man in m\u00e4nniskor (stories kr\u00e4ver m\u00e4nniskor) och l\u00e5ter n\u00e5got h\u00e4nda som \u00e4r \u00e4mnat att ber\u00f6ra eller ge insikt eller kunskap. Det \u00e4r det jag i min bok kallar att <strong><em>Befolka varum\u00e4rket<\/em><\/strong>.<br \/>\nHur m\u00e4nniskor sen tolkar eller reagerar ber\u00e4ttelsen \u00e4r upp till var och en. I den meningen \u00e4r detta en dialogteknik.<\/p>\n","protected":false},"excerpt":{"rendered":"<p>F\u00f6r mig \u00e4r det obegripligt att inte alla f\u00f6retag och organisationer s\u00f6ker, sk\u00f6rdar &#8211; ja till och med bygger &#8211; sina ber\u00e4ttelser ur verkligheten f\u00f6r att sedan s\u00e4tta dem i arbete f\u00f6r att utveckla organisationen. Jag tycker att st\u00f6rre organisationer borde ha en utpekad kulturchef som har ansvar f\u00f6r organisationskulturen och d\u00e4rmed f\u00f6r de kultur-&#8230;<\/p>\n","protected":false},"author":2,"featured_media":0,"comment_status":"open","ping_status":"open","sticky":false,"template":"","format":"standard","meta":[],"categories":[2],"tags":[],"_links":{"self":[{"href":"https:\/\/storytellers.se\/index.php?rest_route=\/wp\/v2\/posts\/3820"}],"collection":[{"href":"https:\/\/storytellers.se\/index.php?rest_route=\/wp\/v2\/posts"}],"about":[{"href":"https:\/\/storytellers.se\/index.php?rest_route=\/wp\/v2\/types\/post"}],"author":[{"embeddable":true,"href":"https:\/\/storytellers.se\/index.php?rest_route=\/wp\/v2\/users\/2"}],"replies":[{"embeddable":true,"href":"https:\/\/storytellers.se\/index.php?rest_route=%2Fwp%2Fv2%2Fcomments&post=3820"}],"version-history":[{"count":0,"href":"https:\/\/storytellers.se\/index.php?rest_route=\/wp\/v2\/posts\/3820\/revisions"}],"wp:attachment":[{"href":"https:\/\/storytellers.se\/index.php?rest_route=%2Fwp%2Fv2%2Fmedia&parent=3820"}],"wp:term":[{"taxonomy":"category","embeddable":true,"href":"https:\/\/storytellers.se\/index.php?rest_route=%2Fwp%2Fv2%2Fcategories&post=3820"},{"taxonomy":"post_tag","embeddable":true,"href":"https:\/\/storytellers.se\/index.php?rest_route=%2Fwp%2Fv2%2Ftags&post=3820"}],"curies":[{"name":"wp","href":"https:\/\/api.w.org\/{rel}","templated":true}]}}