{"id":3818,"date":"2013-12-20T10:59:15","date_gmt":"2013-12-20T09:59:15","guid":{"rendered":"http:\/\/storytellers.se\/?p=3818"},"modified":"2013-12-20T10:59:15","modified_gmt":"2013-12-20T09:59:15","slug":"samma-gamla-lagereld","status":"publish","type":"post","link":"https:\/\/storytellers.se\/?p=3818","title":{"rendered":"Samma gamla l\u00e4gereld"},"content":{"rendered":"<p>Alla m\u00e4nniskor i alla tider har samlats kring elden. Den \u00e4r sj\u00e4lva f\u00f6ruts\u00e4ttningen f\u00f6r all m\u00e4nsklig kultur. Det \u00e4r d\u00e4r vi lyssnar och ber\u00e4ttar. Var kommer vi ifr\u00e5n? Var befinner vi oss? Vart \u00e4r vi p\u00e5 v\u00e4g? Vilka \u00e4r v\u00e5ra v\u00e4rderingar och hur visar vi dem?<br \/>\nP\u00e5 jobbet har vi idag l\u00e4gereldar vid kaffeapparaten, i fikarummet, p\u00e5 After Work, i lunchrestauranten och s\u00e5 vidare.<br \/>\nMen framf\u00f6r allt i cyberspace, i sociala media. Facebook har \u00f6ver en miljard medlemmar vilket g\u00f6r Facebook till v\u00e4rldens tredje st\u00f6rsta nation.<br \/>\nDet \u00e4r samma gamla l\u00e4gereld. Vi t\u00e4nder en eld och bjuder in andra att lyssna och ber\u00e4tta. Att de kan definiera sig och ta st\u00e4llning till om de vill dela.<br \/>\nJag minns m\u00e5nga l\u00e4gereldar fr\u00e5n f\u00f6rr i samband med musikfestivaler och fester i skogen. D\u00e4r fanns m\u00e5nga som utgav sig f\u00f6r att vara n\u00e5gon annan \u00e4n de faktiskt var. S\u00e5 \u00e4r det p\u00e5 Facebook ocks\u00e5 d\u00e4r miljontals falska identiteter ocks\u00e5 dyker upp. Same same allts\u00e5 men samma gamla l\u00e4gereldar d\u00e4r vi lyssnar och ber\u00e4ttar.<br \/>\nF\u00f6r f\u00f6retag och organisationer handlar det om att lyssna och dela med sig av sanna ber\u00e4ttelser som visar kultur och mening. Nytta. Det kallas Corporate Storytelling.<\/p>\n","protected":false},"excerpt":{"rendered":"<p>Alla m\u00e4nniskor i alla tider har samlats kring elden. Den \u00e4r sj\u00e4lva f\u00f6ruts\u00e4ttningen f\u00f6r all m\u00e4nsklig kultur. Det \u00e4r d\u00e4r vi lyssnar och ber\u00e4ttar. Var kommer vi ifr\u00e5n? Var befinner vi oss? Vart \u00e4r vi p\u00e5 v\u00e4g? Vilka \u00e4r v\u00e5ra v\u00e4rderingar och hur visar vi dem? P\u00e5 jobbet har vi idag l\u00e4gereldar vid kaffeapparaten, i&#8230;<\/p>\n","protected":false},"author":2,"featured_media":0,"comment_status":"open","ping_status":"open","sticky":false,"template":"","format":"standard","meta":[],"categories":[2],"tags":[],"_links":{"self":[{"href":"https:\/\/storytellers.se\/index.php?rest_route=\/wp\/v2\/posts\/3818"}],"collection":[{"href":"https:\/\/storytellers.se\/index.php?rest_route=\/wp\/v2\/posts"}],"about":[{"href":"https:\/\/storytellers.se\/index.php?rest_route=\/wp\/v2\/types\/post"}],"author":[{"embeddable":true,"href":"https:\/\/storytellers.se\/index.php?rest_route=\/wp\/v2\/users\/2"}],"replies":[{"embeddable":true,"href":"https:\/\/storytellers.se\/index.php?rest_route=%2Fwp%2Fv2%2Fcomments&post=3818"}],"version-history":[{"count":0,"href":"https:\/\/storytellers.se\/index.php?rest_route=\/wp\/v2\/posts\/3818\/revisions"}],"wp:attachment":[{"href":"https:\/\/storytellers.se\/index.php?rest_route=%2Fwp%2Fv2%2Fmedia&parent=3818"}],"wp:term":[{"taxonomy":"category","embeddable":true,"href":"https:\/\/storytellers.se\/index.php?rest_route=%2Fwp%2Fv2%2Fcategories&post=3818"},{"taxonomy":"post_tag","embeddable":true,"href":"https:\/\/storytellers.se\/index.php?rest_route=%2Fwp%2Fv2%2Ftags&post=3818"}],"curies":[{"name":"wp","href":"https:\/\/api.w.org\/{rel}","templated":true}]}}