{"id":3811,"date":"2013-12-19T19:23:51","date_gmt":"2013-12-19T18:23:51","guid":{"rendered":"http:\/\/storytellers.se\/?p=3811"},"modified":"2013-12-19T19:23:51","modified_gmt":"2013-12-19T18:23:51","slug":"nyhetsbrev-85-han-fick-en-orfil-podcast-4","status":"publish","type":"post","link":"https:\/\/storytellers.se\/?p=3811","title":{"rendered":"Nyhetsbrev 85: &#8221;Han som fick en \u00f6rfil&#8221; plus Podcast 4"},"content":{"rendered":"<p>Hej Storytellerv\u00e4n<\/p>\n<p>Det \u00e4r dags f\u00f6r det \u00e5ttiofemte nyhetsbrevet fr\u00e5n Storytellers. H\u00e4r reflekterar jag, <strong>Matts Heijbel<\/strong>, lite \u00f6ver de Storytellingtankar som jag haft sen sist. Du f\u00e5r brevet f\u00f6r att du bett om det, direkt till mig eller via webbplatsen eller f\u00f6r att du varit p\u00e5 mina seminarier eller f\u00f6r att vi jobbat tillsammans. I slutet av brevet bjuder jag in dig till 2014-\u00e5rs f\u00f6rsta frukostseminarium i Stockholm. D\u00e5 f\u00e5r du g\u00e4rna komma som min g\u00e4st den 17 januari.<\/p>\n<p>++++++++++++++++++++++++++++++++++++++++++++++++++<\/p>\n<p>Sen sist har jag, bland annat, arbetat med <em>Centerns ungdomsf\u00f6rbund<\/em> inom politiken. <em>Svenska Kyrkan<\/em> och <em>Ekumeniska Centret<\/em> i Stockholm \/ Bromma inom religionen. <em>Folksam<\/em> inom f\u00f6rs\u00e4kringsbranschen.  <em>Karlstad<\/em> inom kommunal omsorg. <em>Tillv\u00e4xtverket<\/em>, <em>Myndigheten f\u00f6r Samh\u00e4llsskydd och beredskap<\/em>, MSB och <em>Sj\u00f6fartsverket<\/em> inom myndighetssf\u00e4ren och <em>Valdemarsviks Sparbank<\/em> inom finans.<\/p>\n<p>Jag har ocks\u00e5 publicerat min fj\u00e4rde Podcast. Den handlar om landstingsber\u00e4ttelser och finns p\u00e5 Storytellers.se d\u00e4r du kan <a href=\"http:\/\/storytellers.se\/2013\/11\/27\/podcast-4-kan-man-alska-ett-landsting\/\">lyssna<\/a> p\u00e5 den.<\/p>\n<p>Ber\u00e4ttelser finns och beh\u00f6vs inom alla dessa v\u00e4rldar och i alla m\u00e4nskliga sammanhang. Organisation \u00e4r m\u00e4nniskor och utan ber\u00e4ttelser finns ingenting m\u00e4nskligt. Det \u00e4r vad Storytelling i och om organisationer, varor och tj\u00e4nster handlar om. Vid s\u00e4lj, ledarskap, rekrytering och marknadsf\u00f6ring vinner b\u00e4sta ber\u00e4ttelsen.<\/p>\n<p>++++++++++++++++++++++++++++++++++++++++++++++++++<\/p>\n<p>F\u00f6r en tid sen tr\u00e4ffade Centerungdomarna, <em>CUF<\/em>. De var \u00f6ver 100 stycken fr\u00e5n hela landet och h\u00e5ller nu p\u00e5 att f\u00f6rbereda sig f\u00f6r valet 2014. En fr\u00e5ga jag brukar st\u00e4lla till m\u00e4nniskor i v\u00e4rderingsstyrda organisationer \u00e4r varf\u00f6r de \u00e4r d\u00e4r? Vad var det som h\u00e4nde? Tanken \u00e4r att den personliga ber\u00e4ttelsen kan befolka det \u00f6vergripande varum\u00e4rket.<\/p>\n<p>Centerungdomarna talar mycket om individens r\u00e4tt och den enskilda medborgarens r\u00e4tt att f\u00e5 best\u00e4mma \u00f6ver sitt liv. Det leder till tanken att nationsgr\u00e4nser \u00e4r konstruktioner och att m\u00e4nniskan f\u00f6rst\u00e5s sj\u00e4lv ska f\u00e5 best\u00e4mma var hon vill bo p\u00e5 planeten och med vem eller vilka han eller hon vill gifta sig. I media beskrivet som fri invandring och ja till m\u00e5nggifte.<\/p>\n<p>Det h\u00e4r svaret fick jag d\u00e5 av en ung centerkille n\u00e4r jag st\u00e4llde fr\u00e5gan: Vad var det som h\u00e4nde? Varf\u00f6r \u00e4r du h\u00e4r?<\/p>\n<p><em>Hans mormor hade kommit som flykting fr\u00e5n Tyskland i samband med andra v\u00e4rldskriget. I ton\u00e5ren b\u00f6rjade pojken steg f\u00f6r steg att bli nationalist. Han och hans kompisar gillade id\u00e9n med Sverige, svenska v\u00e4rderingar och det genuint svenska. Invandring var ett hot mot detta, tyckte de.\u2028<br \/>\nN\u00e4r han entusiastiskt ber\u00e4ttade detta f\u00f6r sin mormor s\u00e5 s\u00e5g han f\u00f6r f\u00f6rsta g\u00e5ngen i sitt liv mormor gr\u00e5ta:\u2028<br \/>\n\u2013 F\u00f6rst\u00e5r du inte, sa mormor, med t\u00e5rarna rinnande ned f\u00f6r kinderna. Vi kom invandrande till Sverige, tack vare det finns du till. Hur kan du vara emot ditt eget \u00f6de? T\u00e4nk om gr\u00e4nsen varit st\u00e4ngd f\u00f6r oss.<br \/>\nSen gav hon honom en mormoderlig \u00f6rfil.<br \/>\n\u2028Killen funderade \u00f6ver vad som h\u00e4nt. Han f\u00f6rstod att han kanske var p\u00e5 fel sp\u00e5r men han ville \u00e4nd\u00e5 fortfarande engagera sig politiskt och han unders\u00f6kte d\u00e4rf\u00f6r de olika ungdomsf\u00f6rbunden.<br \/>\nHan tilltalades d\u00e5 av CUF som markerade individens r\u00e4tt och d\u00e4rmed ocks\u00e5 den fria synen p\u00e5 invandring. Han best\u00e4mde sig f\u00f6r att g\u00e5 med i flocken av centerungdomar.\u2028<br \/>\nN\u00e4r han senare ber\u00e4ttade f\u00f6r mormor att han g\u00e5tt med i Centerns ungdomsf\u00f6rbund s\u00e5 var det andra g\u00e5ngen i hans liv som han s\u00e5g sin mormor gr\u00e5ta. Men denna g\u00e5ng kramade hon sitt barnbarn medan t\u00e5rarna rann ned f\u00f6r hennes kinder.<br \/>\nMormor tackade honom f\u00f6r att han insett n\u00e5got viktigt.<\/em><\/p>\n<p>S\u00e5 kan en CUF-story l\u00e5ta n\u00e4r en enskild medlem ber\u00e4ttar om sin v\u00e4g och ger den till sin organisation som ett exempel p\u00e5 CUFs v\u00e4rderingar.<br \/>\n++++++++++++++++++++++++++++++++++++++++++++++++++<\/p>\n<p>Utan ber\u00e4ttelser finns man inte. Kulturer och organisationer som slutar ta vara p\u00e5 sina ber\u00e4ttelser och sitt ber\u00e4ttarkapital g\u00e5r steg f\u00f6r steg under. S\u00e5 har det varit i alla tider och s\u00e5 \u00e4r det \u00e4n i dag n\u00e4r m\u00e4nniskans byar ofta ersatts av tillh\u00f6righeten till f\u00f6retag och organisationer som har uppdraget att utr\u00e4tta n\u00e5got.<br \/>\nBer\u00e4ttelserna visar varf\u00f6r vi h\u00e5ller p\u00e5. Meningen med att vi h\u00e5ller p\u00e5. Vart vi \u00e4r p\u00e5 v\u00e4g och vilka v\u00e4rderingar vi vilar oss emot. Corporate Storytelling \u00e4r ett s\u00e4tt att hantera detta kulturkapital och s\u00e4tta det i arbete f\u00f6r att g\u00e5 in i framtiden och vara framg\u00e5ngsrika.<br \/>\n++++++++++++++++++++++++++++++++++++++++++++++++++<\/p>\n<p>Efter Nobelfestligheterna kan det vara kul att konstatera att <em>Nobelmuseet i Karlskoga<\/em> f\u00e5tt pris av Visit V\u00e4rmland f\u00f6r att de med \u201dStorytelling som grund\u201d lyckats h\u00e5lla ber\u00e4ttelsen om <strong>Alfred Nobel <\/strong>och hans koppling till Karlskoga levande. Sk\u00e5despelaren <strong>Peter Sundh<\/strong> gestaltar Nobel p\u00e5 ett sp\u00e4nnande s\u00e4tt. P\u00e5 Storytellers.se finns en l\u00e4nk till en intervju med <a href=\"http:\/\/storytellers.se\/2013\/12\/16\/alfred-nobel-lever-och-far-pris\/\">Nobel i Sundhs tappning<\/a>.<br \/>\n++++++++++++++++++++++++++++++++++++++++++++++++++<\/p>\n<p>Den 17 januari 2014 har jag n\u00e4sta frukost i mina lokaler i Stockholm. Det \u00e4r p\u00e5 Krukmakargatan 22. Det b\u00f6rjar med lite mingel 08.30 och forts\u00e4tter med att jag ber\u00e4ttar mellan 09.00 \u2013 10.00. Sen finns det utrymme f\u00f6r fr\u00e5gor och diskussion f\u00f6r den som vill. Jag bjuder p\u00e5 kaffe, te och frukt. Vill du komma s\u00e5 mejla mig till matts@storytellers.se och s\u00e4tt rubriken 17 januari. Skriv n\u00e5gra rader om vem du \u00e4r och varf\u00f6r du \u00e4r intresserad av \u00e4mnet. Seminariet \u00e4r kostnadsfritt. Jag bjuder allts\u00e5.<br \/>\n++++++++++++++++++++++++++++++++++++++++++++++++++<\/p>\n<p>Det var allt f\u00f6r den h\u00e4r g\u00e5ngen. Vill du inte ha brevet l\u00e4ngre s\u00e5 v\u00e4nd det med ett Nej tack s\u00e5 tar jag bort dig ur s\u00e4ndlistan.<br \/>\nH\u00e4lsningar<br \/>\nMatts Heijbel<br \/>\nStockholm \/ Gr\u00f6dinge<br \/>\n19 december 2013<\/p>\n","protected":false},"excerpt":{"rendered":"<p>Hej Storytellerv\u00e4n Det \u00e4r dags f\u00f6r det \u00e5ttiofemte nyhetsbrevet fr\u00e5n Storytellers. H\u00e4r reflekterar jag, Matts Heijbel, lite \u00f6ver de Storytellingtankar som jag haft sen sist. Du f\u00e5r brevet f\u00f6r att du bett om det, direkt till mig eller via webbplatsen eller f\u00f6r att du varit p\u00e5 mina seminarier eller f\u00f6r att vi jobbat tillsammans. I&#8230;<\/p>\n","protected":false},"author":2,"featured_media":0,"comment_status":"open","ping_status":"open","sticky":false,"template":"","format":"standard","meta":[],"categories":[8],"tags":[],"_links":{"self":[{"href":"https:\/\/storytellers.se\/index.php?rest_route=\/wp\/v2\/posts\/3811"}],"collection":[{"href":"https:\/\/storytellers.se\/index.php?rest_route=\/wp\/v2\/posts"}],"about":[{"href":"https:\/\/storytellers.se\/index.php?rest_route=\/wp\/v2\/types\/post"}],"author":[{"embeddable":true,"href":"https:\/\/storytellers.se\/index.php?rest_route=\/wp\/v2\/users\/2"}],"replies":[{"embeddable":true,"href":"https:\/\/storytellers.se\/index.php?rest_route=%2Fwp%2Fv2%2Fcomments&post=3811"}],"version-history":[{"count":0,"href":"https:\/\/storytellers.se\/index.php?rest_route=\/wp\/v2\/posts\/3811\/revisions"}],"wp:attachment":[{"href":"https:\/\/storytellers.se\/index.php?rest_route=%2Fwp%2Fv2%2Fmedia&parent=3811"}],"wp:term":[{"taxonomy":"category","embeddable":true,"href":"https:\/\/storytellers.se\/index.php?rest_route=%2Fwp%2Fv2%2Fcategories&post=3811"},{"taxonomy":"post_tag","embeddable":true,"href":"https:\/\/storytellers.se\/index.php?rest_route=%2Fwp%2Fv2%2Ftags&post=3811"}],"curies":[{"name":"wp","href":"https:\/\/api.w.org\/{rel}","templated":true}]}}