{"id":3807,"date":"2013-12-16T16:33:37","date_gmt":"2013-12-16T15:33:37","guid":{"rendered":"http:\/\/storytellers.se\/?p=3807"},"modified":"2013-12-16T16:33:37","modified_gmt":"2013-12-16T15:33:37","slug":"alfred-nobel-lever-och-far-pris","status":"publish","type":"post","link":"https:\/\/storytellers.se\/?p=3807","title":{"rendered":"Alfred Nobel lever och f\u00e5r pris"},"content":{"rendered":"<p>Jag var f\u00f6r n\u00e5gra \u00e5r sedan inbjuden till Karlskoga f\u00f6r att h\u00e5lla seminarium i Corporate Storytelling. Jag tr\u00e4ffade d\u00e4r <strong>Alfred Nobel<\/strong> i form av den portr\u00e4ttlike sk\u00e5despelaren <strong>Peter Sundh<\/strong>. F\u00f6r n\u00e5gra veckor sedan fick <em>Nobelmuseet i Karlskoga<\/em>, d\u00e4r Peter Sundh \u00e4r en del av erbjudandet, \u00e5rets turismpris utdelat av <em>Turismf\u00f6reningen Visit V\u00e4rmland<\/em>. Motiveringen l\u00f6d bland annat att man:<\/p>\n<p><em><strong>Med unik storytelling som grund och genom ett t\u00e5lmodigt och l\u00e5ngvarigt arbete, f\u00f6r ber\u00e4ttelsen vidre till kommande generationer&#8230;.<\/strong><\/em><\/p>\n<p>H\u00e4r \u00e4r en intervju med denne Nobel:<br \/>\n<iframe loading=\"lazy\" title=\"Alfred Nobel interview CALLU.net\" width=\"700\" height=\"525\" src=\"https:\/\/www.youtube.com\/embed\/Y34pSbsyWF8?feature=oembed\" frameborder=\"0\" allow=\"accelerometer; autoplay; clipboard-write; encrypted-media; gyroscope; picture-in-picture; web-share\" allowfullscreen><\/iframe><\/p>\n","protected":false},"excerpt":{"rendered":"<p>Jag var f\u00f6r n\u00e5gra \u00e5r sedan inbjuden till Karlskoga f\u00f6r att h\u00e5lla seminarium i Corporate Storytelling. Jag tr\u00e4ffade d\u00e4r Alfred Nobel i form av den portr\u00e4ttlike sk\u00e5despelaren Peter Sundh. F\u00f6r n\u00e5gra veckor sedan fick Nobelmuseet i Karlskoga, d\u00e4r Peter Sundh \u00e4r en del av erbjudandet, \u00e5rets turismpris utdelat av Turismf\u00f6reningen Visit V\u00e4rmland. Motiveringen l\u00f6d bland&#8230;<\/p>\n","protected":false},"author":2,"featured_media":0,"comment_status":"open","ping_status":"open","sticky":false,"template":"","format":"standard","meta":[],"categories":[4],"tags":[],"_links":{"self":[{"href":"https:\/\/storytellers.se\/index.php?rest_route=\/wp\/v2\/posts\/3807"}],"collection":[{"href":"https:\/\/storytellers.se\/index.php?rest_route=\/wp\/v2\/posts"}],"about":[{"href":"https:\/\/storytellers.se\/index.php?rest_route=\/wp\/v2\/types\/post"}],"author":[{"embeddable":true,"href":"https:\/\/storytellers.se\/index.php?rest_route=\/wp\/v2\/users\/2"}],"replies":[{"embeddable":true,"href":"https:\/\/storytellers.se\/index.php?rest_route=%2Fwp%2Fv2%2Fcomments&post=3807"}],"version-history":[{"count":0,"href":"https:\/\/storytellers.se\/index.php?rest_route=\/wp\/v2\/posts\/3807\/revisions"}],"wp:attachment":[{"href":"https:\/\/storytellers.se\/index.php?rest_route=%2Fwp%2Fv2%2Fmedia&parent=3807"}],"wp:term":[{"taxonomy":"category","embeddable":true,"href":"https:\/\/storytellers.se\/index.php?rest_route=%2Fwp%2Fv2%2Fcategories&post=3807"},{"taxonomy":"post_tag","embeddable":true,"href":"https:\/\/storytellers.se\/index.php?rest_route=%2Fwp%2Fv2%2Ftags&post=3807"}],"curies":[{"name":"wp","href":"https:\/\/api.w.org\/{rel}","templated":true}]}}