{"id":3798,"date":"2013-11-30T17:50:11","date_gmt":"2013-11-30T16:50:11","guid":{"rendered":"http:\/\/storytellers.se\/?p=3798"},"modified":"2013-11-30T17:50:11","modified_gmt":"2013-11-30T16:50:11","slug":"storydusch-ger-riktad-ljud","status":"publish","type":"post","link":"https:\/\/storytellers.se\/?p=3798","title":{"rendered":"Storydusch ger riktat ljud"},"content":{"rendered":"<p>F\u00f6r n\u00e5gra \u00e5r sedan skickade jag f\u00f6r f\u00f6rsta g\u00e5ngen stories via tekniken riktat ljud. Riktade ljudh\u00f6gtalare kallas ibland ocks\u00e5 f\u00f6r <em>ljudduschar<\/em> eftersom ljudet bara finns i en enda  ljudstr\u00e5le, ungef\u00e4r som n\u00e4r man t\u00e4nder en  ficklampa med en smal k\u00e4gla i ett helm\u00f6rkt rum. Tekniken g\u00f6r att bara den som g\u00e5r in i ljudstr\u00e5len h\u00f6r medan andra i rummet inte h\u00f6r n\u00e5got.<\/p>\n<p>Jag har varit med och fyllt s\u00e5dana <em><strong>storyduschar<\/strong><\/em> p\u00e5 j\u00e4rnv\u00e4gsstationer och k\u00f6pcentra. I <em>Sickla k\u00f6pkvarter<\/em> satte sig hundratusentals m\u00e4nniskor frivilligt i duschen och sa d\u00e4rmed ja tack till ber\u00e4ttelserna genom att trycka p\u00e5 en knapp f\u00f6r att starta storyduschen. \u00c4r det sp\u00e4nnande f\u00f6r er? Kontakta mig p\u00e5 matts@storytellers.se s\u00e5 ber\u00e4ttar jag mer och kan visa hur konceptet fungerar. Storydusch kan man ha i alla m\u00f6jliga milj\u00f6er d\u00e4r m\u00e4nniskor r\u00f6r sig. Ocks\u00e5 i foaj\u00e9er och p\u00e5 andra platser d\u00e4r kunder och klienter v\u00e4ntar.<\/p>\n<p>Tekniken \u00e4r bra men inneh\u00e5llet \u00e4r f\u00f6rst\u00e5s alltid det viktigaste. Bra stories f\u00e5r tekniken att bli fantastisk.<\/p>\n","protected":false},"excerpt":{"rendered":"<p>F\u00f6r n\u00e5gra \u00e5r sedan skickade jag f\u00f6r f\u00f6rsta g\u00e5ngen stories via tekniken riktat ljud. Riktade ljudh\u00f6gtalare kallas ibland ocks\u00e5 f\u00f6r ljudduschar eftersom ljudet bara finns i en enda ljudstr\u00e5le, ungef\u00e4r som n\u00e4r man t\u00e4nder en ficklampa med en smal k\u00e4gla i ett helm\u00f6rkt rum. Tekniken g\u00f6r att bara den som g\u00e5r in i ljudstr\u00e5len h\u00f6r&#8230;<\/p>\n","protected":false},"author":2,"featured_media":0,"comment_status":"open","ping_status":"open","sticky":false,"template":"","format":"standard","meta":[],"categories":[2],"tags":[],"_links":{"self":[{"href":"https:\/\/storytellers.se\/index.php?rest_route=\/wp\/v2\/posts\/3798"}],"collection":[{"href":"https:\/\/storytellers.se\/index.php?rest_route=\/wp\/v2\/posts"}],"about":[{"href":"https:\/\/storytellers.se\/index.php?rest_route=\/wp\/v2\/types\/post"}],"author":[{"embeddable":true,"href":"https:\/\/storytellers.se\/index.php?rest_route=\/wp\/v2\/users\/2"}],"replies":[{"embeddable":true,"href":"https:\/\/storytellers.se\/index.php?rest_route=%2Fwp%2Fv2%2Fcomments&post=3798"}],"version-history":[{"count":0,"href":"https:\/\/storytellers.se\/index.php?rest_route=\/wp\/v2\/posts\/3798\/revisions"}],"wp:attachment":[{"href":"https:\/\/storytellers.se\/index.php?rest_route=%2Fwp%2Fv2%2Fmedia&parent=3798"}],"wp:term":[{"taxonomy":"category","embeddable":true,"href":"https:\/\/storytellers.se\/index.php?rest_route=%2Fwp%2Fv2%2Fcategories&post=3798"},{"taxonomy":"post_tag","embeddable":true,"href":"https:\/\/storytellers.se\/index.php?rest_route=%2Fwp%2Fv2%2Ftags&post=3798"}],"curies":[{"name":"wp","href":"https:\/\/api.w.org\/{rel}","templated":true}]}}