{"id":3793,"date":"2013-11-26T18:05:31","date_gmt":"2013-11-26T17:05:31","guid":{"rendered":"http:\/\/storytellers.se\/?p=3793"},"modified":"2013-11-26T18:05:31","modified_gmt":"2013-11-26T17:05:31","slug":"utan-berattelser-finns-man-inte-2","status":"publish","type":"post","link":"https:\/\/storytellers.se\/?p=3793","title":{"rendered":"Utan ber\u00e4ttelser finns man inte"},"content":{"rendered":"<p>I dag hade jag ett av mina \u00e5terkommande Storytellingseminarier i Stockholm d\u00e4r jag bjuder in m\u00e4nniskor som redan \u00e4r intresserade av det h\u00e4r. Det fina \u00e4r att alla som \u00e4r d\u00e4r \u00e4r d\u00e4r frivilligt. Det blir som en trevlig middag med fika och trevligt samtal och diskussion. Det kostar heller ingenting.<br \/>\nDagens g\u00e4ster var fr\u00e5n n\u00e4ringslivet, konsultbranschen, skolv\u00e4rlden, fastighetsbranschen, managementv\u00e4rlden och reklamv\u00e4rlden. Alla ville f\u00e5 mer kunskap, antingen f\u00f6r sin egen organisations skull, eller f\u00f6r att erbjuda sina kunder n\u00e5got extra.<br \/>\nKom du ocks\u00e5. H\u00e5ll koll h\u00e4r p\u00e5 storytellers.se s\u00e5 \u00e4r du v\u00e4lkommen som min g\u00e4st. Men nu blir det inte fler i \u00e5r utan i januari.<br \/>\nJag kan hj\u00e4lpa till i ditt f\u00f6retag och organisation s\u00e5 ni kommer ig\u00e5ng med bygget av ert ber\u00e4ttande f\u00f6retag eller er ber\u00e4ttande organisation. B\u00e4sta storyn vinner ju. Och utan ber\u00e4ttelser finns man ju inte.<\/p>\n","protected":false},"excerpt":{"rendered":"<p>I dag hade jag ett av mina \u00e5terkommande Storytellingseminarier i Stockholm d\u00e4r jag bjuder in m\u00e4nniskor som redan \u00e4r intresserade av det h\u00e4r. Det fina \u00e4r att alla som \u00e4r d\u00e4r \u00e4r d\u00e4r frivilligt. Det blir som en trevlig middag med fika och trevligt samtal och diskussion. Det kostar heller ingenting. Dagens g\u00e4ster var fr\u00e5n&#8230;<\/p>\n","protected":false},"author":2,"featured_media":0,"comment_status":"open","ping_status":"open","sticky":false,"template":"","format":"standard","meta":[],"categories":[2],"tags":[],"_links":{"self":[{"href":"https:\/\/storytellers.se\/index.php?rest_route=\/wp\/v2\/posts\/3793"}],"collection":[{"href":"https:\/\/storytellers.se\/index.php?rest_route=\/wp\/v2\/posts"}],"about":[{"href":"https:\/\/storytellers.se\/index.php?rest_route=\/wp\/v2\/types\/post"}],"author":[{"embeddable":true,"href":"https:\/\/storytellers.se\/index.php?rest_route=\/wp\/v2\/users\/2"}],"replies":[{"embeddable":true,"href":"https:\/\/storytellers.se\/index.php?rest_route=%2Fwp%2Fv2%2Fcomments&post=3793"}],"version-history":[{"count":0,"href":"https:\/\/storytellers.se\/index.php?rest_route=\/wp\/v2\/posts\/3793\/revisions"}],"wp:attachment":[{"href":"https:\/\/storytellers.se\/index.php?rest_route=%2Fwp%2Fv2%2Fmedia&parent=3793"}],"wp:term":[{"taxonomy":"category","embeddable":true,"href":"https:\/\/storytellers.se\/index.php?rest_route=%2Fwp%2Fv2%2Fcategories&post=3793"},{"taxonomy":"post_tag","embeddable":true,"href":"https:\/\/storytellers.se\/index.php?rest_route=%2Fwp%2Fv2%2Ftags&post=3793"}],"curies":[{"name":"wp","href":"https:\/\/api.w.org\/{rel}","templated":true}]}}