{"id":3780,"date":"2013-11-22T13:38:22","date_gmt":"2013-11-22T12:38:22","guid":{"rendered":"http:\/\/storytellers.se\/?p=3780"},"modified":"2013-11-22T13:38:22","modified_gmt":"2013-11-22T12:38:22","slug":"seminarium-i-orebro","status":"publish","type":"post","link":"https:\/\/storytellers.se\/?p=3780","title":{"rendered":"Seminarium i \u00d6rebro"},"content":{"rendered":"<p>Om tio dagar, en 3 december, har jag ett seminarium i <em>\u00d6rebro<\/em>. Det \u00e4r i samarbete med <em><strong>Spiran Kompetensutveckling<\/strong><\/em>. L\u00e4s mer och anm\u00e4l dig <a href=\"\/\/spiran.se\/kurs\/140_corporate_storytelling_med_matts_hejbel.html\">h\u00e4r<\/a>.<br \/>\nKanske arbetar du med personalfr\u00e5gor. Kanske med kommunikation eller marknadsf\u00f6ring. Kanske \u00e4r du egen f\u00f6retagare. Om du jobbar privat eller offentligt g\u00f6r ingen skillnad denna dag.<\/p>\n<p>Dagen inleds med en inspirationsf\u00f6rel\u00e4sning som \u00e4r garanterat power-point-fri. Den forts\u00e4tter med en workshop d\u00e4r vi delar ber\u00e4ttelser med varandra och avslutas med en sk\u00f6rdefest d\u00e4r vi visar och v\u00e4rderar ber\u00e4ttelserna och diskuterar hur de kan g\u00f6ra nytta f\u00f6r verksamheten. Vi f\u00e5r flera exempel p\u00e5 filmad storytelling och vi f\u00e5r tips om framf\u00f6randet.<br \/>\nUndrar du \u00f6ver n\u00e5got s\u00e5 kontakta g\u00e4rna mig p\u00e5 telefon eller matts@storytellers.se<\/p>\n","protected":false},"excerpt":{"rendered":"<p>Om tio dagar, en 3 december, har jag ett seminarium i \u00d6rebro. Det \u00e4r i samarbete med Spiran Kompetensutveckling. L\u00e4s mer och anm\u00e4l dig h\u00e4r. Kanske arbetar du med personalfr\u00e5gor. Kanske med kommunikation eller marknadsf\u00f6ring. Kanske \u00e4r du egen f\u00f6retagare. Om du jobbar privat eller offentligt g\u00f6r ingen skillnad denna dag. Dagen inleds med en&#8230;<\/p>\n","protected":false},"author":2,"featured_media":0,"comment_status":"open","ping_status":"open","sticky":false,"template":"","format":"standard","meta":[],"categories":[9],"tags":[],"_links":{"self":[{"href":"https:\/\/storytellers.se\/index.php?rest_route=\/wp\/v2\/posts\/3780"}],"collection":[{"href":"https:\/\/storytellers.se\/index.php?rest_route=\/wp\/v2\/posts"}],"about":[{"href":"https:\/\/storytellers.se\/index.php?rest_route=\/wp\/v2\/types\/post"}],"author":[{"embeddable":true,"href":"https:\/\/storytellers.se\/index.php?rest_route=\/wp\/v2\/users\/2"}],"replies":[{"embeddable":true,"href":"https:\/\/storytellers.se\/index.php?rest_route=%2Fwp%2Fv2%2Fcomments&post=3780"}],"version-history":[{"count":0,"href":"https:\/\/storytellers.se\/index.php?rest_route=\/wp\/v2\/posts\/3780\/revisions"}],"wp:attachment":[{"href":"https:\/\/storytellers.se\/index.php?rest_route=%2Fwp%2Fv2%2Fmedia&parent=3780"}],"wp:term":[{"taxonomy":"category","embeddable":true,"href":"https:\/\/storytellers.se\/index.php?rest_route=%2Fwp%2Fv2%2Fcategories&post=3780"},{"taxonomy":"post_tag","embeddable":true,"href":"https:\/\/storytellers.se\/index.php?rest_route=%2Fwp%2Fv2%2Ftags&post=3780"}],"curies":[{"name":"wp","href":"https:\/\/api.w.org\/{rel}","templated":true}]}}