{"id":3778,"date":"2013-11-20T13:18:26","date_gmt":"2013-11-20T12:18:26","guid":{"rendered":"http:\/\/storytellers.se\/?p=3778"},"modified":"2013-11-20T13:18:26","modified_gmt":"2013-11-20T12:18:26","slug":"han-fick-tillbaks-sin-fru","status":"publish","type":"post","link":"https:\/\/storytellers.se\/?p=3778","title":{"rendered":"Han fick tillbaks sin fru"},"content":{"rendered":"<p>Jag jobbar d\u00e5 och d\u00e5 med <em>Svenska Kyrkan<\/em>. H\u00e4romdagen var jag hos Svenska Kyrkan i \u00d6rebro. Organisationen bl\u00f6der och tappar cirka 50.000 medlemmar om \u00e5ret ofta f\u00f6r att m\u00e4nniskor inte vill betala n\u00e5gra tusen i kyrkoskatt. Om kyrkan vore b\u00e4ttre p\u00e5 att ber\u00e4tta s\u00e5 skulle kanske tappet minska och respekten f\u00f6r vad de egentligen g\u00f6r ut\u00f6ver dop, br\u00f6llop och begravning. Det kan vara sm\u00e5 h\u00e4ndelsebaserade ber\u00e4ttelser som denna som jag fick fr\u00e5n en diakon.<br \/>\n<em>Kyrkan har m\u00e5nga \u00f6ppna verksamheter som till exempel n\u00e4r \u00e4ldre m\u00e4nniskor kommer tillsammans i n\u00e5gon av kyrkans lokaler f\u00f6r att handarbeta tillsammans och ha n\u00e5gon att tala med. M\u00e5nga som \u00e4r ensamma f\u00e5r h\u00e4r vara tillsammans \u00f6ver ett handarbete och en kopp kaffe.<br \/>\nEn dag ringde diakonens telefonen. Hon h\u00f6rde en mansr\u00f6st som sa att han ville tacka. Tacka, f\u00f6r vad d\u00e5 undrade diakonen.<br \/>\n\u2013 Jag vill tacka f\u00f6r att jag har f\u00e5tt tillbaks min fru, sa han.<br \/>\nHan ber\u00e4ttade att hon blivit pension\u00e4r f\u00f6r n\u00e5got \u00e5r sedan och d\u00e5 gick luften helt ur henne. Dagarna i \u00e4nda gick hon och putsade och dammade i l\u00e4genheten. Hon blev allt mer tyst och inbunden. Mannen f\u00f6rs\u00f6kte f\u00e5 henne att rycka upp sig hon beh\u00f6vde inte putsa och st\u00e4da hela tiden. Det var d\u00e5 hon s\u00f6kte upp en handarbetsgrupp och fick tr\u00e4ffa lite nya m\u00e4nniskor. D\u00e5 v\u00e4nde det, hon blev glad och \u00f6ppen och hade s\u00e5 mycket att ber\u00e4tta.<br \/>\n\u2013 Det var det jag vill tacka f\u00f6r, sa mannen. Att jag fick tillbaks min fru glad och \u00f6ppen som f\u00f6rr.<\/em><br \/>\nKonstigare \u00e4n s\u00e5 beh\u00f6ver det inte vara. Det \u00e4r en sann liten h\u00e4ndelsebaserad ber\u00e4ttelse om vad en \u00f6ppen verksamhet kan betyda f\u00f6r m\u00e4nniskor. Om Svenska Kyrkan ber\u00e4ttar mer om dessa sm\u00e5 h\u00e4ndelser s\u00e5 \u00f6kar kunskapen och respekten f\u00f6r verksamheten och kanske leder det ytterst till att medlemstappet minskar. Vi filmade bland annat den ber\u00e4ttelsen och den kommer att visas f\u00f6r att befolka kyrkans arbete.<\/p>\n","protected":false},"excerpt":{"rendered":"<p>Jag jobbar d\u00e5 och d\u00e5 med Svenska Kyrkan. H\u00e4romdagen var jag hos Svenska Kyrkan i \u00d6rebro. Organisationen bl\u00f6der och tappar cirka 50.000 medlemmar om \u00e5ret ofta f\u00f6r att m\u00e4nniskor inte vill betala n\u00e5gra tusen i kyrkoskatt. Om kyrkan vore b\u00e4ttre p\u00e5 att ber\u00e4tta s\u00e5 skulle kanske tappet minska och respekten f\u00f6r vad de egentligen g\u00f6r&#8230;<\/p>\n","protected":false},"author":2,"featured_media":0,"comment_status":"open","ping_status":"open","sticky":false,"template":"","format":"standard","meta":[],"categories":[10],"tags":[],"_links":{"self":[{"href":"https:\/\/storytellers.se\/index.php?rest_route=\/wp\/v2\/posts\/3778"}],"collection":[{"href":"https:\/\/storytellers.se\/index.php?rest_route=\/wp\/v2\/posts"}],"about":[{"href":"https:\/\/storytellers.se\/index.php?rest_route=\/wp\/v2\/types\/post"}],"author":[{"embeddable":true,"href":"https:\/\/storytellers.se\/index.php?rest_route=\/wp\/v2\/users\/2"}],"replies":[{"embeddable":true,"href":"https:\/\/storytellers.se\/index.php?rest_route=%2Fwp%2Fv2%2Fcomments&post=3778"}],"version-history":[{"count":0,"href":"https:\/\/storytellers.se\/index.php?rest_route=\/wp\/v2\/posts\/3778\/revisions"}],"wp:attachment":[{"href":"https:\/\/storytellers.se\/index.php?rest_route=%2Fwp%2Fv2%2Fmedia&parent=3778"}],"wp:term":[{"taxonomy":"category","embeddable":true,"href":"https:\/\/storytellers.se\/index.php?rest_route=%2Fwp%2Fv2%2Fcategories&post=3778"},{"taxonomy":"post_tag","embeddable":true,"href":"https:\/\/storytellers.se\/index.php?rest_route=%2Fwp%2Fv2%2Ftags&post=3778"}],"curies":[{"name":"wp","href":"https:\/\/api.w.org\/{rel}","templated":true}]}}