{"id":3773,"date":"2013-11-19T12:41:02","date_gmt":"2013-11-19T11:41:02","guid":{"rendered":"http:\/\/storytellers.se\/?p=3773"},"modified":"2013-11-19T12:41:02","modified_gmt":"2013-11-19T11:41:02","slug":"mormor-gav-honom-en-orfil","status":"publish","type":"post","link":"https:\/\/storytellers.se\/?p=3773","title":{"rendered":"Mormor gav honom en \u00f6rfil"},"content":{"rendered":"<p>F\u00f6r n\u00e5gra dagar sedan tr\u00e4ffade jag ett hundratal ungdomar fr\u00e5n <em>CUF, Centerns ungdomsf\u00f6rbund<\/em>, som samlats f\u00f6r att ladda inf\u00f6r valet. Min uppgift var att stimulera dem att storytella, g\u00e4rna utifr\u00e5n egna upplevelser kring sin politiska mognad.<br \/>\nEn kille i 20-\u00e5rs\u00e5ldern ber\u00e4ttade d\u00e5 om en egen upplevelse som ledde honom in i CUF.<br \/>\nCenterns ungdomsf\u00f6rbund har flera r\u00e4tt starka st\u00e5ndpunkter kring individens r\u00e4tt och frihet. Vi vet kanske att CUF \u00e4r f\u00f6r fri invandring, nationsgr\u00e4nser \u00e4r inte i individens intresse. Likas\u00e5 aprop\u00e5 relationer, det \u00e4r den enskilda individen sj\u00e4lv ska f\u00e5 best\u00e4mma med vem eller f\u00f6r den delen <em><strong>vilka<\/strong><\/em> hen vill gifta sig.<br \/>\nKillen, vars mormor kommit som flykting fr\u00e5n Tyskland i samband med andra v\u00e4rldskriget, ber\u00e4ttade att han i ton\u00e5ren b\u00f6rjade bli nationalist. Han och hans kompisar gillade id\u00e9n med Sverige och den genuint svenska. Invandring var ett hot mot detta, tyckte de.<br \/>\nN\u00e4r han ber\u00e4ttade detta f\u00f6r sin mormor s\u00e5g han f\u00f6r f\u00f6rsta g\u00e5ngen i sitt liv sin mormor gr\u00e5ta:<br \/>\n\u2013 F\u00f6rst\u00e5r du inte, sa mormor, med t\u00e5rarna rinnande ned f\u00f6r kinderna. Vi kom invandrande till Sverige, tack vare det finns du till. Hur kan du vara emot ditt eget \u00f6de? Sen gav hon honom en mormoderlig \u00f6rfil.<br \/>\nKillen funderade \u00f6ver vad som h\u00e4nt. Han ville fortfarande engagera sig politiskt och han unders\u00f6kte de olika ungdomsf\u00f6rbunden. Han tilltalades nu av CUF som markerade individens r\u00e4tt och d\u00e4rmed ocks\u00e5 den fria synen p\u00e5 invandring. Han best\u00e4mde sig f\u00f6r att g\u00e5 med i flocken av centerungdomar.<br \/>\nN\u00e4r han senare ber\u00e4ttade f\u00f6r mormor att han g\u00e5tt med i Centerns ungdomsf\u00f6rbund var det andra g\u00e5ngen han s\u00e5g henne gr\u00e5ta. Men denna g\u00e5ng kramade hon sitt barnbarn medan t\u00e5rarna rann ned f\u00f6r hennes kinder. Hon tackade honom f\u00f6r att han insett n\u00e5got viktigt.<br \/>\nS\u00e5 kan en CUF-story l\u00e5ta n\u00e4r en enskild medlem ber\u00e4ttar om sin v\u00e4g och ger den till sin organisation som ett exempel p\u00e5 CUFs v\u00e4rderingar.<\/p>\n","protected":false},"excerpt":{"rendered":"<p>F\u00f6r n\u00e5gra dagar sedan tr\u00e4ffade jag ett hundratal ungdomar fr\u00e5n CUF, Centerns ungdomsf\u00f6rbund, som samlats f\u00f6r att ladda inf\u00f6r valet. Min uppgift var att stimulera dem att storytella, g\u00e4rna utifr\u00e5n egna upplevelser kring sin politiska mognad. En kille i 20-\u00e5rs\u00e5ldern ber\u00e4ttade d\u00e5 om en egen upplevelse som ledde honom in i CUF. Centerns ungdomsf\u00f6rbund har&#8230;<\/p>\n","protected":false},"author":2,"featured_media":0,"comment_status":"open","ping_status":"open","sticky":false,"template":"","format":"standard","meta":[],"categories":[10],"tags":[],"_links":{"self":[{"href":"https:\/\/storytellers.se\/index.php?rest_route=\/wp\/v2\/posts\/3773"}],"collection":[{"href":"https:\/\/storytellers.se\/index.php?rest_route=\/wp\/v2\/posts"}],"about":[{"href":"https:\/\/storytellers.se\/index.php?rest_route=\/wp\/v2\/types\/post"}],"author":[{"embeddable":true,"href":"https:\/\/storytellers.se\/index.php?rest_route=\/wp\/v2\/users\/2"}],"replies":[{"embeddable":true,"href":"https:\/\/storytellers.se\/index.php?rest_route=%2Fwp%2Fv2%2Fcomments&post=3773"}],"version-history":[{"count":0,"href":"https:\/\/storytellers.se\/index.php?rest_route=\/wp\/v2\/posts\/3773\/revisions"}],"wp:attachment":[{"href":"https:\/\/storytellers.se\/index.php?rest_route=%2Fwp%2Fv2%2Fmedia&parent=3773"}],"wp:term":[{"taxonomy":"category","embeddable":true,"href":"https:\/\/storytellers.se\/index.php?rest_route=%2Fwp%2Fv2%2Fcategories&post=3773"},{"taxonomy":"post_tag","embeddable":true,"href":"https:\/\/storytellers.se\/index.php?rest_route=%2Fwp%2Fv2%2Ftags&post=3773"}],"curies":[{"name":"wp","href":"https:\/\/api.w.org\/{rel}","templated":true}]}}