{"id":3771,"date":"2013-11-17T19:46:21","date_gmt":"2013-11-17T18:46:21","guid":{"rendered":"http:\/\/storytellers.se\/?p=3771"},"modified":"2013-11-17T19:46:21","modified_gmt":"2013-11-17T18:46:21","slug":"nyhetsbrev-84-lakare-utan-granser-orebro-m-m","status":"publish","type":"post","link":"https:\/\/storytellers.se\/?p=3771","title":{"rendered":"Nyhetsbrev 84. L\u00e4kare utan gr\u00e4nser, \u00d6rebro m m"},"content":{"rendered":"<p>Detta nyhetsbrev gick i dag ut till alla prenumeranter. Det \u00e4r kostnadsfritt och kan n\u00e4r som helst s\u00e4gas upp. Vill du vara med p\u00e5 listan s\u00e5 mejla matts@storytellers.se eller anm\u00e4l dig via denna webbplats.<\/p>\n<p><strong>Nyhetsbrev 84<br \/>\nHej Storytellerv\u00e4n<\/strong><\/p>\n<p>Detta \u00e4r det \u00e5ttiofj\u00e4rde nyhetsbrevet fr\u00e5n Storytellers. Du f\u00e5r det f\u00f6r att du har bett om det eller f\u00f6r att vi arbetat tillsammans eller f\u00f6r att du skrivit upp dig eller l\u00e4mnat ditt visitkort i samband med mina olika seminarier. Nyhetsbreven har jag, Matts Heijbel, skrivit i drygt 10 \u00e5rs tid och de handlar hela tiden om storytelling \/ storylistening \/ storybuilding. Det handlar om ber\u00e4ttandet och hur det kan anv\u00e4ndas i och om organisationer.<\/p>\n<p>Se i slutet av nyhetsbrevet om kommande seminarier och den senaste Podcasten.<\/p>\n<p>++++++++++++++++++++++++++++++++++++++++++++++++++++++++++<\/p>\n<p>Jag var h\u00e4romdagen hos L\u00e4kare utan gr\u00e4nser och hade en workshop med sk\u00f6rdefest. Vi letade efter h\u00e4ndelsebaserade ber\u00e4ttelser som emotionaliserar bilden av insamlingsorganisationen L\u00e4kare utan gr\u00e4nser och organisationens roll i v\u00e4rldssamfundet.<\/p>\n<p>En dag kom en liten pojke till en klinik som organisationen driver i Afrika. Han hade sv\u00e5rt att andas och var mycket svag i n\u00e4r han stapplade in. Benen var smala och magen var rund och uppsvullen.<\/p>\n<p>Pojken lades omg\u00e5ende in. All t\u00e4nkbar medicin och behandling sattes in. Han var illa d\u00e4r an p\u00e5 flera olika s\u00e4tt. Pojken ogillade mycket av den behandling han utsattes f\u00f6r, speciellt ogillade n\u00e4ringsdrycken som han var tvungen att dricka. F\u00f6rst v\u00e4grade han men sedan svalde han motvilligt drycken.<\/p>\n<p>Redan efter n\u00e5gra dagar fick han l\u00e4ttare att andas. Dag f\u00f6r dag blev han starkare. Efter en tid kunde han till och med g\u00e5 upp ur s\u00e4ngen n\u00e5gra g\u00e5nger om dagen och efter n\u00e5gon m\u00e5nad hj\u00e4lpte han personalen genom att \u00f6vertyga de andra mindre barnen att de ocks\u00e5 m\u00e5ste dricka n\u00e4ringsdrycken: Se p\u00e5 mig sa han med ett vitt vackert leende.<\/p>\n<p>Efter ett par m\u00e5nader var han s\u00e5 frisk att han kunde komma hem till sin by igen, glad och stark. Han hade \u00f6verlevt.<\/p>\n<p>Tack f\u00f6r det L\u00e4kare utan gr\u00e4nser och alla som st\u00f6djer verksamheten.<\/p>\n<p>++++++++++++++++++++++++++++++++++++++++++++++++++++++++++<\/p>\n<p>Ungef\u00e4r s\u00e5 kan en L\u00e4kare-utan-gr\u00e4nser-story l\u00e5ta. Pojken \u00e4r p\u00e5 riktigt han finns. Den \u00e4r h\u00e4ndelsebaserad och handlar allts\u00e5 om en verklig m\u00e4nniska och en verklig process. Den \u00e4r l\u00e4tt att minnas och har d\u00e4rmed chans att spridas som exempel i sociala medier och i muntligt ber\u00e4ttande.<\/p>\n<p>++++++++++++++++++++++++++++++++++++++++++++++++++++++++++<\/p>\n<p>Ber\u00e4ttelserna ska bjuda p\u00e5 v\u00e4rdeb\u00e4rande emotionella h\u00e4ndelser som visar den praktiska meningen med att en verksamhet \u00f6verhuvudtaget finns. De trivs d\u00e5 i sociala media och kan f\u00e5 en spridning p\u00e5 ett helt annat s\u00e4tt \u00e4n traditionella m\u00e5lgruppsinriktade budskap som f\u00f6rr s\u00e4ndes ut fr\u00e5n f\u00f6retag och organisationer.<br \/>\nDetta kr\u00e4ver att de \u00e4r befolkade och att de i sin dramaturgi rymmer h\u00e4ndelser som g\u00e5r att f\u00f6rst\u00e5 och ta till sig emotionellt, annars f\u00f6rsvinner de i bruset. Organisationens DNA byggs och framtr\u00e4der ur den kedja av sanna ber\u00e4ttelser som kan delas av medarbetare och kunder eller i det h\u00e4r fallet mellan L\u00e4kare-utan-gr\u00e4nser-triben, givarna och media.<br \/>\nSm\u00e5 anekdotiska ber\u00e4ttelser kompletterar en mer faktuellt rapporterande och analytisk kommunikation. Man skulle till och med kunna s\u00e4ga att varum\u00e4rket p\u00e5 s\u00e4tt och vis utg\u00f6r summan av de ber\u00e4ttelser som accepteras av alla inblandade och d\u00e4rmed h\u00e5ller att dela.<\/p>\n<p>++++++++++++++++++++++++++++++++++++++++++++++++++++++++++<\/p>\n<p>Per Schlingmann talar allt mer om Storytelling oc numera ocsk\u00e5 om Storybuilding som jag ocks\u00e5 talat mycket om genom \u00e5ren. Storybuildningbegreppet handlar om att man kan regissera sig som verksamhet och p\u00e5 s\u00e5 vis generera ber\u00e4ttelser. Att leda ett f\u00f6retag handlar om att vara den som regisserar ber\u00e4ttelsen om det egna f\u00f6retaget, menar Schlingmann i en kr\u00f6nika i tidningen Resum\u00e9 45-46 \/ 2013.<\/p>\n<p>Jag tycker det \u00e4r viktigt att betona att Storytelling eller Storyselling eller Storybuildning har lite olika uppdrag i en ber\u00e4ttande organisation. Det fina med de regisserade beteendet som genererar ber\u00e4ttelser \u00e4r att det precis som Springboardstories kan bygga framtid och v\u00e4nda blicken \u00e5t det h\u00e5ll d\u00e4r vi \u00e4nnu inte riktigt befinner oss. Man kan ber\u00e4tta sig in i framtiden med andra ord.<\/p>\n<p>Per Schlingmann skaffade sig ett starkt anseende som spindoctor och kommunikationschef i Moderaterna n\u00e4r han lanserade det nya arbetarpartiet.<\/p>\n<p>++++++++++++++++++++++++++++++++++++++++++++++++++++++++++<\/p>\n<p>Min tredje Podcast \u00e4r ett samtal mellan mig och Anders \u00c5gren om Storytelling. Anders \u00c5gren \u00e4rt kommunkationsstrateg i Skatteverket M\u00e4lardalsregionen. Vi har samarbetet en del i Storytellingsammanhang i den moderna servicemyndighet som blev vald till Sveriges modernaste myndighet. H\u00e4r finns Podcast Nr 3:<br \/>\nhttp:\/\/storytellers.se\/2013\/10\/29\/podcast-nummer-3\/<\/p>\n<p>Den 26 november bjuder jag ett av mina \u00e5terkommande frukostseminarier p\u00e5 S\u00f6der i Stockholm. Det b\u00f6rjar med mingel klockan 08.30 och forts\u00e4tter med min dragning mellan 09.00 \u2013 10.00. Jag ber\u00e4ttar om trender och ger exempel b\u00e5de i film och muntligt. Efter\u00e5t finns m\u00f6jlighet till eftersnack f\u00f6r den som vill. Om du vill komma s\u00e5 mejla matts@storytellers.se och ber\u00e4tta vem du \u00e4r. S\u00e4tt rubriken 26 november p\u00e5 mejlet.<\/p>\n<p>Den 3 december kommer jag till \u00d6rebro d\u00e4r jag i samarbete med Spiran Kompetensutveckling har en storytellingdag. L\u00e4s mer och anm\u00e4l dig p\u00e5: http:\/\/spiran.se\/kurs\/140_corporate_storytelling_med_matts_hejbel.html.<\/p>\n<p>++++++++++++++++++++++++++++++++++++++++++++++++++++++++++<\/p>\n<p>Jag som skriver detta nyhetsbrev heter Matts Heijbel. Jag ber\u00e4ttar l\u00f6pande om vad som h\u00e4nder p\u00e5 storytellingfronten och jag utg\u00e5r fr\u00e5n att du som l\u00e4ser nyhetsbrevet g\u00f6r det f\u00f6r att du \u00e4r intresserad av \u00e4mnet. Vill du inte vara med l\u00e4ngre s\u00e5 kan du v\u00e4nda brevet med ett Nej tack s\u00e5 tar jag bort dig. Eller skriv Nej Tack till matts@storytellers.se<\/p>\n<p>Stockholm \/ Gr\u00f6dinge<br \/>\n17 november 2013<br \/>\nMatts Heijbel<\/p>\n","protected":false},"excerpt":{"rendered":"<p>Detta nyhetsbrev gick i dag ut till alla prenumeranter. Det \u00e4r kostnadsfritt och kan n\u00e4r som helst s\u00e4gas upp. Vill du vara med p\u00e5 listan s\u00e5 mejla matts@storytellers.se eller anm\u00e4l dig via denna webbplats. Nyhetsbrev 84 Hej Storytellerv\u00e4n Detta \u00e4r det \u00e5ttiofj\u00e4rde nyhetsbrevet fr\u00e5n Storytellers. Du f\u00e5r det f\u00f6r att du har bett om det&#8230;<\/p>\n","protected":false},"author":2,"featured_media":0,"comment_status":"open","ping_status":"open","sticky":false,"template":"","format":"standard","meta":[],"categories":[8],"tags":[],"_links":{"self":[{"href":"https:\/\/storytellers.se\/index.php?rest_route=\/wp\/v2\/posts\/3771"}],"collection":[{"href":"https:\/\/storytellers.se\/index.php?rest_route=\/wp\/v2\/posts"}],"about":[{"href":"https:\/\/storytellers.se\/index.php?rest_route=\/wp\/v2\/types\/post"}],"author":[{"embeddable":true,"href":"https:\/\/storytellers.se\/index.php?rest_route=\/wp\/v2\/users\/2"}],"replies":[{"embeddable":true,"href":"https:\/\/storytellers.se\/index.php?rest_route=%2Fwp%2Fv2%2Fcomments&post=3771"}],"version-history":[{"count":0,"href":"https:\/\/storytellers.se\/index.php?rest_route=\/wp\/v2\/posts\/3771\/revisions"}],"wp:attachment":[{"href":"https:\/\/storytellers.se\/index.php?rest_route=%2Fwp%2Fv2%2Fmedia&parent=3771"}],"wp:term":[{"taxonomy":"category","embeddable":true,"href":"https:\/\/storytellers.se\/index.php?rest_route=%2Fwp%2Fv2%2Fcategories&post=3771"},{"taxonomy":"post_tag","embeddable":true,"href":"https:\/\/storytellers.se\/index.php?rest_route=%2Fwp%2Fv2%2Ftags&post=3771"}],"curies":[{"name":"wp","href":"https:\/\/api.w.org\/{rel}","templated":true}]}}