{"id":3762,"date":"2013-11-13T14:54:45","date_gmt":"2013-11-13T13:54:45","guid":{"rendered":"http:\/\/storytellers.se\/?p=3762"},"modified":"2013-11-13T14:54:45","modified_gmt":"2013-11-13T13:54:45","slug":"hos-lakare-utan-granser","status":"publish","type":"post","link":"https:\/\/storytellers.se\/?p=3762","title":{"rendered":"Hos L\u00e4kare utan gr\u00e4nser"},"content":{"rendered":"<p>I kv\u00e4ll ska jag tr\u00e4ffa <em><strong>L\u00e4kare utan gr\u00e4nser<\/strong><\/em> dels s\u00e5dana som varit ute i f\u00e4lt, dels n\u00e5gra fr\u00e5n kontoret i Stockholm. L\u00e4kare utan gr\u00e4nser har ett mycket starkt varum\u00e4rke och f\u00f6r n\u00e4rvarande f\u00f6rst\u00e5s en extra stark exponering p\u00e5 grund av katastrofen i Filippinerna och Syrien. F\u00e5 tvivlar p\u00e5 organisationens kompetens och insatser. Det var under det s\u00e5 kallade Biafrakriget i Nigeria f\u00f6r drygt 40 \u00e5r sedan som organisationen bildades med id\u00e9n att m\u00e4nniskors r\u00e4tt till medicinsk v\u00e5rd inte ska begr\u00e4nsas av nationsgr\u00e4nser oavsett krig eller naturkatastrofer.<br \/>\nTrots detta har L\u00e4kare utan gr\u00e4nser kommit fram till att mer ber\u00e4ttande om m\u00e4nskliga m\u00f6ten och enskilda h\u00e4ndelser kan ytterligare befolka och synligg\u00f6ra denna organisation som ju vilar p\u00e5 insamlade medel. Det beh\u00f6vs ber\u00e4ttelser som kan spridas till bland andra givare som f\u00f6rmodas vilja ha dessa korta \u00f6gonblick sk\u00f6rdade fr\u00e5n verkligheten f\u00f6r att kunna sprida budskapet vidare.<br \/>\nDet \u00e4r d\u00e4rf\u00f6r jag \u00e4r inbjuden i dag. Insamlingsorganisationer beh\u00f6ver starka ber\u00e4ttelser f\u00f6r att vara framg\u00e5ngsrika i sin finansiering.<\/p>\n","protected":false},"excerpt":{"rendered":"<p>I kv\u00e4ll ska jag tr\u00e4ffa L\u00e4kare utan gr\u00e4nser dels s\u00e5dana som varit ute i f\u00e4lt, dels n\u00e5gra fr\u00e5n kontoret i Stockholm. L\u00e4kare utan gr\u00e4nser har ett mycket starkt varum\u00e4rke och f\u00f6r n\u00e4rvarande f\u00f6rst\u00e5s en extra stark exponering p\u00e5 grund av katastrofen i Filippinerna och Syrien. F\u00e5 tvivlar p\u00e5 organisationens kompetens och insatser. Det var under&#8230;<\/p>\n","protected":false},"author":2,"featured_media":0,"comment_status":"open","ping_status":"open","sticky":false,"template":"","format":"standard","meta":[],"categories":[9],"tags":[],"_links":{"self":[{"href":"https:\/\/storytellers.se\/index.php?rest_route=\/wp\/v2\/posts\/3762"}],"collection":[{"href":"https:\/\/storytellers.se\/index.php?rest_route=\/wp\/v2\/posts"}],"about":[{"href":"https:\/\/storytellers.se\/index.php?rest_route=\/wp\/v2\/types\/post"}],"author":[{"embeddable":true,"href":"https:\/\/storytellers.se\/index.php?rest_route=\/wp\/v2\/users\/2"}],"replies":[{"embeddable":true,"href":"https:\/\/storytellers.se\/index.php?rest_route=%2Fwp%2Fv2%2Fcomments&post=3762"}],"version-history":[{"count":0,"href":"https:\/\/storytellers.se\/index.php?rest_route=\/wp\/v2\/posts\/3762\/revisions"}],"wp:attachment":[{"href":"https:\/\/storytellers.se\/index.php?rest_route=%2Fwp%2Fv2%2Fmedia&parent=3762"}],"wp:term":[{"taxonomy":"category","embeddable":true,"href":"https:\/\/storytellers.se\/index.php?rest_route=%2Fwp%2Fv2%2Fcategories&post=3762"},{"taxonomy":"post_tag","embeddable":true,"href":"https:\/\/storytellers.se\/index.php?rest_route=%2Fwp%2Fv2%2Ftags&post=3762"}],"curies":[{"name":"wp","href":"https:\/\/api.w.org\/{rel}","templated":true}]}}