{"id":3753,"date":"2013-10-31T15:45:51","date_gmt":"2013-10-31T14:45:51","guid":{"rendered":"http:\/\/storytellers.se\/?p=3753"},"modified":"2013-10-31T15:45:51","modified_gmt":"2013-10-31T14:45:51","slug":"storytelling-om-skolan","status":"publish","type":"post","link":"https:\/\/storytellers.se\/?p=3753","title":{"rendered":"Storytelling om skolan"},"content":{"rendered":"<p>Jag har vid flera tillf\u00e4llen arbetat med skolor b\u00e5de med privata utf\u00f6rare och med kommunala som i fallet Nacka. Jag fick vara en del av <strong><em>Rewirs<\/em><\/strong> erbjudande n\u00e4r <em>Nackas<\/em> kommunala skolor skulle ta kampen med de privata utf\u00f6rarna. Extra intressant eftersom Nacka \u00e4r k\u00e4nd f\u00f6r sin politik med m\u00e5nga blandade utf\u00f6rare. S\u00e5 h\u00e4r skrev Rewir om detta case.<br \/>\nhttp:\/\/www.rewir.com\/case\/vaga-gora\/<\/p>\n","protected":false},"excerpt":{"rendered":"<p>Jag har vid flera tillf\u00e4llen arbetat med skolor b\u00e5de med privata utf\u00f6rare och med kommunala som i fallet Nacka. Jag fick vara en del av Rewirs erbjudande n\u00e4r Nackas kommunala skolor skulle ta kampen med de privata utf\u00f6rarna. Extra intressant eftersom Nacka \u00e4r k\u00e4nd f\u00f6r sin politik med m\u00e5nga blandade utf\u00f6rare. S\u00e5 h\u00e4r skrev Rewir&#8230;<\/p>\n","protected":false},"author":2,"featured_media":0,"comment_status":"open","ping_status":"open","sticky":false,"template":"","format":"standard","meta":[],"categories":[9],"tags":[],"_links":{"self":[{"href":"https:\/\/storytellers.se\/index.php?rest_route=\/wp\/v2\/posts\/3753"}],"collection":[{"href":"https:\/\/storytellers.se\/index.php?rest_route=\/wp\/v2\/posts"}],"about":[{"href":"https:\/\/storytellers.se\/index.php?rest_route=\/wp\/v2\/types\/post"}],"author":[{"embeddable":true,"href":"https:\/\/storytellers.se\/index.php?rest_route=\/wp\/v2\/users\/2"}],"replies":[{"embeddable":true,"href":"https:\/\/storytellers.se\/index.php?rest_route=%2Fwp%2Fv2%2Fcomments&post=3753"}],"version-history":[{"count":0,"href":"https:\/\/storytellers.se\/index.php?rest_route=\/wp\/v2\/posts\/3753\/revisions"}],"wp:attachment":[{"href":"https:\/\/storytellers.se\/index.php?rest_route=%2Fwp%2Fv2%2Fmedia&parent=3753"}],"wp:term":[{"taxonomy":"category","embeddable":true,"href":"https:\/\/storytellers.se\/index.php?rest_route=%2Fwp%2Fv2%2Fcategories&post=3753"},{"taxonomy":"post_tag","embeddable":true,"href":"https:\/\/storytellers.se\/index.php?rest_route=%2Fwp%2Fv2%2Ftags&post=3753"}],"curies":[{"name":"wp","href":"https:\/\/api.w.org\/{rel}","templated":true}]}}