{"id":3751,"date":"2013-10-30T15:00:27","date_gmt":"2013-10-30T14:00:27","guid":{"rendered":"http:\/\/storytellers.se\/?p=3751"},"modified":"2013-10-30T15:00:27","modified_gmt":"2013-10-30T14:00:27","slug":"utvardering-fran-norrkoping","status":"publish","type":"post","link":"https:\/\/storytellers.se\/?p=3751","title":{"rendered":"Utv\u00e4rdering fr\u00e5n Norrk\u00f6ping"},"content":{"rendered":"<p>Jag f\u00e5r ibland fr\u00e5gan hur deltagarna bed\u00f6mer mina seminarier. Utv\u00e4rderingen allts\u00e5. Jag brukar inte vilja skryta men n\u00e5gon g\u00e5ng f\u00e5r man v\u00e4l s\u00e4ga som det \u00e4r. S\u00e5 h\u00e4r var utv\u00e4rderingen n\u00e4r jag tr\u00e4ffade biblioteksfolk i <em>Norrk\u00f6ping<\/em> i samarbete med <em>Europeiska socialfonden<\/em>. Den det st\u00e4mmer r\u00e4tt bra med hur det brukar se ut. Detta \u00e4r n\u00e4mligen inte bara nyttigt utan roligt. Vi k\u00f6rde enligt den s\u00e5 kallade <strong>Heijbelmodellen<\/strong>.<\/p>\n<p>16 svarade. 14 gav h\u00f6gsta betyg 2 gav n\u00e4st h\u00f6gsta. ( 3,9 av 4.0 m\u00f6jliga )<\/p>\n<p><em>Det b\u00e4sta med kursen:<\/em><\/p>\n<p>\u2022 Konkret, inspirerande, tydlig<br \/>\n\u2022 Duktig f\u00f6rel\u00e4sare skulle vilja ha mer<br \/>\n\u2022 Workshopen d\u00e4r vi fick dela och utbyta erfarenheter och ber\u00e4ttelser<br \/>\n\u2022 M\u00e4nskligt. Lyfter m\u00e4nniskan och m\u00f6ten mellan m\u00e4nniskor<br \/>\n\u2022 Allt var mycket bra. Mycket bra framf\u00f6rt. Mycket bra f\u00f6rel\u00e4sare<br \/>\n\u2022 Nya tankar och id\u00e9er<\/p>\n<p><em>Kursen kunde varit b\u00e4ttre om:<\/em><\/p>\n<p>\u2022 Fler ber\u00e4ttelser<br \/>\n\u2022 L\u00e4ngre tid<\/p>\n<p><em>Jag saknade:<\/em><\/p>\n<p>\u2022 Mer tid<br \/>\n\u2022 Inget<\/p>\n","protected":false},"excerpt":{"rendered":"<p>Jag f\u00e5r ibland fr\u00e5gan hur deltagarna bed\u00f6mer mina seminarier. Utv\u00e4rderingen allts\u00e5. Jag brukar inte vilja skryta men n\u00e5gon g\u00e5ng f\u00e5r man v\u00e4l s\u00e4ga som det \u00e4r. S\u00e5 h\u00e4r var utv\u00e4rderingen n\u00e4r jag tr\u00e4ffade biblioteksfolk i Norrk\u00f6ping i samarbete med Europeiska socialfonden. Den det st\u00e4mmer r\u00e4tt bra med hur det brukar se ut. Detta \u00e4r n\u00e4mligen&#8230;<\/p>\n","protected":false},"author":2,"featured_media":0,"comment_status":"open","ping_status":"open","sticky":false,"template":"","format":"standard","meta":[],"categories":[7],"tags":[],"_links":{"self":[{"href":"https:\/\/storytellers.se\/index.php?rest_route=\/wp\/v2\/posts\/3751"}],"collection":[{"href":"https:\/\/storytellers.se\/index.php?rest_route=\/wp\/v2\/posts"}],"about":[{"href":"https:\/\/storytellers.se\/index.php?rest_route=\/wp\/v2\/types\/post"}],"author":[{"embeddable":true,"href":"https:\/\/storytellers.se\/index.php?rest_route=\/wp\/v2\/users\/2"}],"replies":[{"embeddable":true,"href":"https:\/\/storytellers.se\/index.php?rest_route=%2Fwp%2Fv2%2Fcomments&post=3751"}],"version-history":[{"count":0,"href":"https:\/\/storytellers.se\/index.php?rest_route=\/wp\/v2\/posts\/3751\/revisions"}],"wp:attachment":[{"href":"https:\/\/storytellers.se\/index.php?rest_route=%2Fwp%2Fv2%2Fmedia&parent=3751"}],"wp:term":[{"taxonomy":"category","embeddable":true,"href":"https:\/\/storytellers.se\/index.php?rest_route=%2Fwp%2Fv2%2Fcategories&post=3751"},{"taxonomy":"post_tag","embeddable":true,"href":"https:\/\/storytellers.se\/index.php?rest_route=%2Fwp%2Fv2%2Ftags&post=3751"}],"curies":[{"name":"wp","href":"https:\/\/api.w.org\/{rel}","templated":true}]}}