{"id":3739,"date":"2013-10-29T11:18:57","date_gmt":"2013-10-29T10:18:57","guid":{"rendered":"http:\/\/storytellers.se\/?p=3739"},"modified":"2013-10-29T11:18:57","modified_gmt":"2013-10-29T10:18:57","slug":"podcast-nummer-3","status":"publish","type":"post","link":"https:\/\/storytellers.se\/?p=3739","title":{"rendered":"Podcast nummer 3"},"content":{"rendered":"<p>Detta \u00e4r den tredje Podcasten fr\u00e5n Storytellers. Den best\u00e5r av ett samtal mellan mig och Skatteverkets kommunikationsstrateg i M\u00e4lardalsregionen, <strong>Anders \u00c5gren<\/strong>. Anders \u00c5gren brinner f\u00f6r Storytellingverktyget i den moderna servicemyndigheten.<\/p>\n<p>Skatteverket har utsetts till Sveriges modernaste myndighet och storytellingen \u00e4r en del i myndighetens kulturarbete. Jag har varit med och tagit fram boken <strong><em>Gl\u00e4djen tillbaka i atelj\u00e9n &#8211; och 29 andra ber\u00e4ttelser fr\u00e5n Skatteverket M\u00e4lardalsregionen<\/em><\/strong>. Anders ber\u00e4ttar g\u00e4rna om du vill veta mer. Han arbetar p\u00e5 Skatteverket i V\u00e4ster\u00e5s.<br \/>\n[soundcloud url=&#8221;https:\/\/api.soundcloud.com\/tracks\/117590177&#8243; width=&#8221;100%&#8221; height=&#8221;166&#8243; iframe=&#8221;true&#8221; \/]<\/p>\n","protected":false},"excerpt":{"rendered":"<p>Detta \u00e4r den tredje Podcasten fr\u00e5n Storytellers. Den best\u00e5r av ett samtal mellan mig och Skatteverkets kommunikationsstrateg i M\u00e4lardalsregionen, Anders \u00c5gren. Anders \u00c5gren brinner f\u00f6r Storytellingverktyget i den moderna servicemyndigheten. Skatteverket har utsetts till Sveriges modernaste myndighet och storytellingen \u00e4r en del i myndighetens kulturarbete. Jag har varit med och tagit fram boken Gl\u00e4djen tillbaka&#8230;<\/p>\n","protected":false},"author":2,"featured_media":0,"comment_status":"open","ping_status":"open","sticky":false,"template":"","format":"standard","meta":[],"categories":[3],"tags":[],"_links":{"self":[{"href":"https:\/\/storytellers.se\/index.php?rest_route=\/wp\/v2\/posts\/3739"}],"collection":[{"href":"https:\/\/storytellers.se\/index.php?rest_route=\/wp\/v2\/posts"}],"about":[{"href":"https:\/\/storytellers.se\/index.php?rest_route=\/wp\/v2\/types\/post"}],"author":[{"embeddable":true,"href":"https:\/\/storytellers.se\/index.php?rest_route=\/wp\/v2\/users\/2"}],"replies":[{"embeddable":true,"href":"https:\/\/storytellers.se\/index.php?rest_route=%2Fwp%2Fv2%2Fcomments&post=3739"}],"version-history":[{"count":0,"href":"https:\/\/storytellers.se\/index.php?rest_route=\/wp\/v2\/posts\/3739\/revisions"}],"wp:attachment":[{"href":"https:\/\/storytellers.se\/index.php?rest_route=%2Fwp%2Fv2%2Fmedia&parent=3739"}],"wp:term":[{"taxonomy":"category","embeddable":true,"href":"https:\/\/storytellers.se\/index.php?rest_route=%2Fwp%2Fv2%2Fcategories&post=3739"},{"taxonomy":"post_tag","embeddable":true,"href":"https:\/\/storytellers.se\/index.php?rest_route=%2Fwp%2Fv2%2Ftags&post=3739"}],"curies":[{"name":"wp","href":"https:\/\/api.w.org\/{rel}","templated":true}]}}