{"id":3736,"date":"2013-10-23T12:17:22","date_gmt":"2013-10-23T10:17:22","guid":{"rendered":"http:\/\/storytellers.se\/?p=3736"},"modified":"2013-10-23T12:17:22","modified_gmt":"2013-10-23T10:17:22","slug":"min-gast-i-stockholm-i-morgon","status":"publish","type":"post","link":"https:\/\/storytellers.se\/?p=3736","title":{"rendered":"Min g\u00e4st i Stockholm i morgon?"},"content":{"rendered":"<p>I morgon torsdag klockan nio p\u00e5 morgonen h\u00e5ller jag en gratisf\u00f6rel\u00e4sning p\u00e5 K22 p\u00e5 S\u00f6dermalm i Stockholm dit du \u00e4r v\u00e4lkommen att komma om du vill. Mejla i s\u00e5 fall &#8221;G\u00e4st p\u00e5 torsdag&#8221; till matts@storytellers.se s\u00e5 \u00e5terkommer jag.<\/p>\n","protected":false},"excerpt":{"rendered":"<p>I morgon torsdag klockan nio p\u00e5 morgonen h\u00e5ller jag en gratisf\u00f6rel\u00e4sning p\u00e5 K22 p\u00e5 S\u00f6dermalm i Stockholm dit du \u00e4r v\u00e4lkommen att komma om du vill. Mejla i s\u00e5 fall &#8221;G\u00e4st p\u00e5 torsdag&#8221; till matts@storytellers.se s\u00e5 \u00e5terkommer jag.<\/p>\n","protected":false},"author":2,"featured_media":0,"comment_status":"open","ping_status":"open","sticky":false,"template":"","format":"standard","meta":[],"categories":[9],"tags":[],"_links":{"self":[{"href":"https:\/\/storytellers.se\/index.php?rest_route=\/wp\/v2\/posts\/3736"}],"collection":[{"href":"https:\/\/storytellers.se\/index.php?rest_route=\/wp\/v2\/posts"}],"about":[{"href":"https:\/\/storytellers.se\/index.php?rest_route=\/wp\/v2\/types\/post"}],"author":[{"embeddable":true,"href":"https:\/\/storytellers.se\/index.php?rest_route=\/wp\/v2\/users\/2"}],"replies":[{"embeddable":true,"href":"https:\/\/storytellers.se\/index.php?rest_route=%2Fwp%2Fv2%2Fcomments&post=3736"}],"version-history":[{"count":0,"href":"https:\/\/storytellers.se\/index.php?rest_route=\/wp\/v2\/posts\/3736\/revisions"}],"wp:attachment":[{"href":"https:\/\/storytellers.se\/index.php?rest_route=%2Fwp%2Fv2%2Fmedia&parent=3736"}],"wp:term":[{"taxonomy":"category","embeddable":true,"href":"https:\/\/storytellers.se\/index.php?rest_route=%2Fwp%2Fv2%2Fcategories&post=3736"},{"taxonomy":"post_tag","embeddable":true,"href":"https:\/\/storytellers.se\/index.php?rest_route=%2Fwp%2Fv2%2Ftags&post=3736"}],"curies":[{"name":"wp","href":"https:\/\/api.w.org\/{rel}","templated":true}]}}