{"id":3731,"date":"2013-10-22T22:04:05","date_gmt":"2013-10-22T20:04:05","guid":{"rendered":"http:\/\/storytellers.se\/?p=3731"},"modified":"2013-10-22T22:04:05","modified_gmt":"2013-10-22T20:04:05","slug":"seminarium-i-goteborg","status":"publish","type":"post","link":"https:\/\/storytellers.se\/?p=3731","title":{"rendered":"Seminarium i G\u00f6teborg"},"content":{"rendered":"<p>Den 6 november \u00e4r jag inbjuden till Plyhm Kommunikation i G\u00f6teborg f\u00f6r att ber\u00e4tta om Storytelling p\u00e5 ett frukostseminarium. L\u00e4s <a href=\"http:\/\/www.plyhm.se\/blog\/inbjudan-till-storytelling-2\/\">h\u00e4r<\/a> om du vill veta mer.<\/p>\n<p>Anm\u00e4l ditt intresse till matts@storytellers.se om du vill vara min g\u00e4st.<\/p>\n","protected":false},"excerpt":{"rendered":"<p>Den 6 november \u00e4r jag inbjuden till Plyhm Kommunikation i G\u00f6teborg f\u00f6r att ber\u00e4tta om Storytelling p\u00e5 ett frukostseminarium. L\u00e4s h\u00e4r om du vill veta mer. Anm\u00e4l ditt intresse till matts@storytellers.se om du vill vara min g\u00e4st.<\/p>\n","protected":false},"author":2,"featured_media":0,"comment_status":"open","ping_status":"open","sticky":false,"template":"","format":"standard","meta":[],"categories":[9],"tags":[],"_links":{"self":[{"href":"https:\/\/storytellers.se\/index.php?rest_route=\/wp\/v2\/posts\/3731"}],"collection":[{"href":"https:\/\/storytellers.se\/index.php?rest_route=\/wp\/v2\/posts"}],"about":[{"href":"https:\/\/storytellers.se\/index.php?rest_route=\/wp\/v2\/types\/post"}],"author":[{"embeddable":true,"href":"https:\/\/storytellers.se\/index.php?rest_route=\/wp\/v2\/users\/2"}],"replies":[{"embeddable":true,"href":"https:\/\/storytellers.se\/index.php?rest_route=%2Fwp%2Fv2%2Fcomments&post=3731"}],"version-history":[{"count":0,"href":"https:\/\/storytellers.se\/index.php?rest_route=\/wp\/v2\/posts\/3731\/revisions"}],"wp:attachment":[{"href":"https:\/\/storytellers.se\/index.php?rest_route=%2Fwp%2Fv2%2Fmedia&parent=3731"}],"wp:term":[{"taxonomy":"category","embeddable":true,"href":"https:\/\/storytellers.se\/index.php?rest_route=%2Fwp%2Fv2%2Fcategories&post=3731"},{"taxonomy":"post_tag","embeddable":true,"href":"https:\/\/storytellers.se\/index.php?rest_route=%2Fwp%2Fv2%2Ftags&post=3731"}],"curies":[{"name":"wp","href":"https:\/\/api.w.org\/{rel}","templated":true}]}}