{"id":3720,"date":"2013-10-13T08:54:48","date_gmt":"2013-10-13T06:54:48","guid":{"rendered":"http:\/\/storytellers.se\/?p=3720"},"modified":"2013-10-13T08:54:48","modified_gmt":"2013-10-13T06:54:48","slug":"nyhetsbrev-83","status":"publish","type":"post","link":"https:\/\/storytellers.se\/?p=3720","title":{"rendered":"Nyhetsbrev 83"},"content":{"rendered":"<p>Du som min g\u00e4st plus Podcast 2<br \/>\nNyhetsbrev 83<br \/>\nHej Storytellerv\u00e4n<\/p>\n<p>Det h\u00e4r nyhetsbrevet finns som vanligt ocks\u00e5 p\u00e5 www.storytellers.se d\u00e4r du kan se det i datorn eller mobilanpassat. L\u00e4ngst ned i brevet bjuder jag nu in dig som min personliga g\u00e4st i Stockholm eller G\u00f6teborg. Jag erbjuder mig ocks\u00e5 att mot en mindre ers\u00e4ttning komma till just ditt f\u00f6retag eller din organisation f\u00f6r att h\u00e5lla en kort inspirationsf\u00f6rel\u00e4sning fyllt av m\u00e5nga h\u00e4rliga och sp\u00e4nnande exempel.<\/p>\n<p>+++++++++++++++++++++++++++++++++++++++++++++++++++++++++<\/p>\n<p>Det h\u00e4r nyhetsbrevet \u00e4r det \u00e5ttiotredje fr\u00e5n Storytellers. Det allra f\u00f6rsta nyhetsbrevet som hade rubriken: <strong>\u00c5lderns betydelse<\/strong>, kom f\u00f6r \u00f6ver 10 \u00e5r sedan. Det handlade om ett anrikt m\u00e4klarf\u00f6retag som noga betonade organisationens \u00e5lder i sin f\u00f6retagskulturella framtoning. Alla de andra publicerade 82 nyhetsbreven finns p\u00e5 storytellers.se i arkivet Nyhetsbrev.<\/p>\n<p>N\u00e5gra av er som l\u00e4ser nyhetsbrevet fanns med redan d\u00e5 i b\u00f6rjan av 2000-talet. Det \u00e4r fascinerande att t\u00e4nka tillbaka och minnas hur det var. M\u00e5nga m\u00e4nniskor i kommunikationsbranschen gjorde vad de kunde f\u00f6r att s\u00e4ga att detta kunde de redan och allt hade de fattat f\u00f6r l\u00e4nge sedan. Det var r\u00e4tt patetiskt ibland, faktiskt. Innan de f\u00f6rstod.<\/p>\n<p>Storytellingtankarna har nu f\u00f6r\u00e4ndrat kommunikationsklimatet. Det \u00e4r helt klart.<\/p>\n<p>I dag \u00e4r begreppet och tankeg\u00e5ngarna etablerade efter m\u00e4ngder av uppsatser och avhandlingar och m\u00e5nga f\u00f6rst\u00e5r dimensionen men det finns f\u00f6rst\u00e5s olika s\u00e4tt att f\u00f6rst\u00e5 och tolka det hela.<\/p>\n<p>Jag ansluter mig till det som internationellt kallas <em>Corporate Storytelling<\/em> eller <em>Storytelling in and about organizations<\/em>. Vi sk\u00f6rdar Business Narratives. Det inneb\u00e4r bland annat att det \u00e4r viktigare <strong>VAD<\/strong> man ber\u00e4ttar \u00e4n <strong>HUR<\/strong>. Det handlar om organisationer och deras uppdrag. Ber\u00e4ttelserna har strategiska uppdrag f\u00f6r framg\u00e5ng och bekr\u00e4ftar meningen med att finnas till.<\/p>\n<p>+++++++++++++++++++++++++++++++++++++++++++++++++++++++++<\/p>\n<p>Idag tr\u00e4ffade jag och hade workshop och sk\u00f6rdefest hos det som f\u00f6rr kallades en Kommunala Musikskolan. Nu \u00e4r man organiserade i <strong>Smok<\/strong>, <em>Sveriges Musik- och Kulturskoler\u00e5d<\/em>. F\u00f6r mig \u00e4r detta Kulturskolefolket. De arbetar med musik, bild, dans med v\u00e5ra ungdomar.<\/p>\n<p>En musikl\u00e4rare ber\u00e4ttade om n\u00e4r han fick kontakt med en tyst liten flicka p\u00e5 l\u00e5gstadiet som inte hade sagt n\u00e5got i skolan p\u00e5 en hel termin. Hon ville nu l\u00e4ra sig att spela klarinett, hade hon sagt i en blankett. Hennes v\u00e4nner och \u00e4ven l\u00e4rare undrade hur detta skulle g\u00e5. Hon som \u00e4r s\u00e5 tyst och inbunden.<\/p>\n<p>L\u00e4raren och flickan tr\u00e4ffades runt klarinetten n\u00e5gon timma i veckan. Efter en tid b\u00f6rjade hon tala och n\u00e4r hon var 16 spelade hon Mozarts klarinettkonsert inf\u00f6r publik. Tack Kulturskolan!<\/p>\n<p>+++++++++++++++++++++++++++++++++++++++++++++++++++++++++<\/p>\n<p>\u00c5ren g\u00e5r och det finns fortfarande f\u00f6retag och organisationer som inte har kommit p\u00e5 att de m\u00e5ste ber\u00e4tta f\u00f6r att bli synliga. D\u00e4rf\u00f6r forts\u00e4tter jag mitt missionerande och mina uppdrag att s\u00f6ka, finna och sk\u00f6rda \u00e5t f\u00f6retag och organisationer. Ibland f\u00e5r jag fr\u00e5gan om inte det hela blir ett meningsl\u00f6st nollsummespel om alla till slut ber\u00e4ttar. Mitt svar \u00e4r att: Nej om man inte ber\u00e4ttar finns man helt enkelt inte. Alla m\u00e5ste f\u00f6rh\u00e5lla sig till sin ber\u00e4ttelse.<\/p>\n<p>Tredje omarbetade upplagan av min bok Storytelling befolkar varum\u00e4rket d\u00e4r detta utvecklas kommer d\u00e4rf\u00f6r snart och \u00f6vers\u00e4ttningen till engelska p\u00e5g\u00e5r just nu.<\/p>\n<p>+++++++++++++++++++++++++++++++++++++++++++++++++++++++++<\/p>\n<p>Det senaste distributionsformatet fr\u00e5n Storytellers \u00e4r annars Podcasten som h\u00e4romdagen kom ut i sin andra s\u00e4ndning. Jag talar i cirka 15 minuter aprop\u00e5 Corporate Storytelling. Den finns l\u00e4nkad fr\u00e5n Soundcloud till bloggen och du kan ocks\u00e5 klicka dig fram till det senaste programmet i slutet av detta nyhetsbrev. D\u00e4r, i slutet av nyhetsbrevet, finns ocks\u00e5 en l\u00e4nk till en kul 31 sekunders reklamfilm som en av mina uppdragsgivare <em>Svenska Kyrkan<\/em> i \u00d6rebro har gjort som en del av samarbetet med SHL-laget <em>\u00d6rebro Hockey<\/em>.<\/p>\n<p>+++++++++++++++++++++++++++++++++++++++++++++++++++++++++<\/p>\n<p>Jag har ocks\u00e5 haft en del diskussioner med L\u00e4kare utan gr\u00e4nser p\u00e5 senare tid. M\u00e9decins sans fronti\u00e8res bildades efter det s\u00e5 kallade Biafrakriget i Nigeria. L\u00e4kare, och sjuksk\u00f6terskor, ledda av den franske l\u00e4karen och politikern Bernard Kouchner, ville arbeta f\u00f6r att alla m\u00e4nniskor i n\u00f6d ska f\u00e5 st\u00f6d och hj\u00e4lp oavsett sin religion eller ideologi och oavsett om orsakerna \u00e4r krig eller naturkatastrofer.<\/p>\n<p>Organisationen vilar tungt p\u00e5 privata donationer och bidrag och min roll \u00e4r nu att fundera \u00f6ver vad storytelling kan inneb\u00e4ra f\u00f6r denna insamlingsorganisation och hur ber\u00e4ttelser skulle kunna stimulera ambassad\u00f6rskap och d\u00e4rmed ge mer pengar till verksamheten.<\/p>\n<p>+++++++++++++++++++++++++++++++++++++++++++++++++++++++++<\/p>\n<p>Det \u00e4r r\u00e4tt typiskt f\u00f6r v\u00e5r tid att insamlingsorganisationer och olika ideella organisationer b\u00f6rjar reflektera \u00f6ver sitt ber\u00e4ttande. Hur ska de bli synliga och hur ska de komplettera sin projektorienterade rapportkultur med emotionell befolkad storytelling fr\u00e5n verkligheten.<\/p>\n<p>Ber\u00e4ttelsen \u00e4r p\u00e5 modet.<\/p>\n<p>Nu n\u00e4rmar vi oss ocks\u00e5 valtider och partierna talar alla om ber\u00e4ttelsen. Vilken \u00e4r ber\u00e4ttelsen? Vilken ber\u00e4ttelse kan de vila i f\u00f6r att locka till sig v\u00e4ljarnas r\u00f6ster. Det ska bli intressant att se hur de hanterar detta. Jag tror tyv\u00e4rr att de inte riktigt har klart f\u00f6r sig vad de menar med det g\u00e5ng p\u00e5 g\u00e5ng upprepade begreppet: Ber\u00e4ttelsen. Men vi f\u00e5r se.<\/p>\n<p>+++++++++++++++++++++++++++++++++++++++++++++++++++++++++<\/p>\n<p>Vill du att jag kommer och h\u00e5ller en inspirationsf\u00f6rel\u00e4sning i ditt f\u00f6retag eller din organisation s\u00e5 kommer jag nu inom 08-omr\u00e5det f\u00f6r 5000 sek + moms. Det kan vara vid frukost, lunch, gl\u00f6gg, fest eller middag. Jag erbjuder detta \u00e5ret ut. Jag f\u00e5r s\u00e5 m\u00e5nga s\u00e5dana h\u00e4r fr\u00e5gor s\u00e5 jag provar detta erbjudande. Det \u00e4r kul och underh\u00e5llande och fungerar i sociala sammanhang, jag visar filmer med emotionella ber\u00e4ttelser och \u00e4r helt powerpoint-fri. Mejla mig om du vill detta p\u00e5 matts@storytellers.se s\u00e5 \u00e5terkommer jag.<\/p>\n<p>Vill du vara min g\u00e4st p\u00e5 ett frukostseminarium i Stockholm den 24e oktober p\u00e5 S\u00f6dermalm i Stockholm s\u00e5 mejla rubriken 24 oktober till matts@storytellers.se s\u00e5 \u00e5terkommer jag med koder och andra detaljer. Jag bjuder.<\/p>\n<p>Vill du vara min g\u00e4st p\u00e5 ett frukostseminarium i G\u00f6teborg hos Plyhm p\u00e5 World Trade Center n\u00e4ra Avenyn den 6e november s\u00e5 mejla rubriken 6 november till matts@storytellers.se s\u00e5 \u00e5terkommer jag med koder och andra detaljer. Det kostar ingenting: Plyhm bjuder.<\/p>\n<p>Vill du lyssna p\u00e5 den senaste podcasten s\u00e5 g\u00e5 till http:\/\/storytellers.se\/2013\/10\/10\/podcast-nummer-2\/<\/p>\n<p>Vill du se filmen som Svenska Kyrkan visar vid hockeymatcherna i \u00d6rebro s\u00e5 g\u00e5 till http:\/\/storytellers.se\/2013\/10\/09\/kyrkan-pa-hockeyarenan\/<\/p>\n<p>+++++++++++++++++++++++++++++++++++++++++++++++++++++++++<\/p>\n<p>Detta var allt f\u00f6r denna g\u00e5ng. Du f\u00e5r nyhetsbrevet f\u00f6r att du bett om det. Jag som skriver det och st\u00e5r f\u00f6r det heter <strong>Matts Heijbel<\/strong>. Vill du inte ha det l\u00e4ngre s\u00e5 kan du v\u00e4nda det med ett Nej tack! S\u00e5 tar jag bort dig fr\u00e5n listan.<\/p>\n<p>H\u00e4lsningar<\/p>\n<p><strong>Matts Heijbel<\/strong><\/p>\n<p>Stockholm \/ Gr\u00f6dinge 11 oktober 2013<\/p>\n","protected":false},"excerpt":{"rendered":"<p>Du som min g\u00e4st plus Podcast 2 Nyhetsbrev 83 Hej Storytellerv\u00e4n Det h\u00e4r nyhetsbrevet finns som vanligt ocks\u00e5 p\u00e5 www.storytellers.se d\u00e4r du kan se det i datorn eller mobilanpassat. L\u00e4ngst ned i brevet bjuder jag nu in dig som min personliga g\u00e4st i Stockholm eller G\u00f6teborg. Jag erbjuder mig ocks\u00e5 att mot en mindre ers\u00e4ttning&#8230;<\/p>\n","protected":false},"author":2,"featured_media":0,"comment_status":"open","ping_status":"open","sticky":false,"template":"","format":"standard","meta":[],"categories":[8],"tags":[],"_links":{"self":[{"href":"https:\/\/storytellers.se\/index.php?rest_route=\/wp\/v2\/posts\/3720"}],"collection":[{"href":"https:\/\/storytellers.se\/index.php?rest_route=\/wp\/v2\/posts"}],"about":[{"href":"https:\/\/storytellers.se\/index.php?rest_route=\/wp\/v2\/types\/post"}],"author":[{"embeddable":true,"href":"https:\/\/storytellers.se\/index.php?rest_route=\/wp\/v2\/users\/2"}],"replies":[{"embeddable":true,"href":"https:\/\/storytellers.se\/index.php?rest_route=%2Fwp%2Fv2%2Fcomments&post=3720"}],"version-history":[{"count":0,"href":"https:\/\/storytellers.se\/index.php?rest_route=\/wp\/v2\/posts\/3720\/revisions"}],"wp:attachment":[{"href":"https:\/\/storytellers.se\/index.php?rest_route=%2Fwp%2Fv2%2Fmedia&parent=3720"}],"wp:term":[{"taxonomy":"category","embeddable":true,"href":"https:\/\/storytellers.se\/index.php?rest_route=%2Fwp%2Fv2%2Fcategories&post=3720"},{"taxonomy":"post_tag","embeddable":true,"href":"https:\/\/storytellers.se\/index.php?rest_route=%2Fwp%2Fv2%2Ftags&post=3720"}],"curies":[{"name":"wp","href":"https:\/\/api.w.org\/{rel}","templated":true}]}}