{"id":3699,"date":"2013-10-03T15:33:04","date_gmt":"2013-10-03T13:33:04","guid":{"rendered":"http:\/\/storytellers.se\/?p=3699"},"modified":"2013-10-03T15:33:04","modified_gmt":"2013-10-03T13:33:04","slug":"power-telling","status":"publish","type":"post","link":"https:\/\/storytellers.se\/?p=3699","title":{"rendered":"Power Telling"},"content":{"rendered":"<p>Power Point What\u00b4s the Point? S\u00e5 sa n\u00e5gon som tr\u00f6ttnade p\u00e5 alla h\u00f6gl\u00e4sningar fr\u00e5n bildsk\u00e4rmarna i konferensrummen. Och det kan ju faktiskt k\u00e4nnas ibland som att Power Pointpresentationen blir mer en snitslad bana \u00e5t f\u00f6rel\u00e4saren \u00e4n ett pedogogiskt hj\u00e4lpmedel som ska underl\u00e4tta och begripligg\u00f6ra.<br \/>\nN\u00e4r skaparna av verktyget fick fr\u00e5gan vid Power Points 20-\u00e5rsjubileum \u00e5r 2007 s\u00e5 suckade de just \u00f6ver detta och \u00f6ver att h\u00f6gl\u00e4sningen och f\u00f6rytligandet gjort skada genom \u00e5ren vilket var sorgligt eftersom verktyget kan och vill s\u00e5 mycket mer.<br \/>\nSj\u00e4lv brukar jag skryta med att mina seminarier \u00e4r Power Pointfria vilket en del gillar men ocks\u00e5 en f\u00f6rh\u00e5llningss\u00e4tt som kan vara provocerande f\u00f6r dem som har PP som snitslad h\u00f6gl\u00e4sningstrygghet. Nu \u00e4r jag inte s\u00e5 dum att jag d\u00f6mer ut verktyget.<br \/>\nMen en enkel modifiering som underl\u00e4ttar f\u00f6r den f\u00f6rel\u00e4sare som vill och v\u00e5gar flyga kan vara att l\u00e4gga in en bild och ber\u00e4tta fritt en liten stund eller s\u00e4ga att: Det h\u00e4nde en g\u00e5ng&#8230;<br \/>\nMan kan korsa Power Point och Storytelling och f\u00e5 fram n\u00e5got vi kan kalla <strong><em>Power Telling<\/em><\/strong>.<br \/>\nDen <a href=\"http:\/\/chriscollison.wordpress.com\/2007\/06\/24\/powerpointless-musings-ii-how-to-kill-a-story-in-nineteen-easy-slides\/\">h\u00e4r<\/a> bildserien gjorde n\u00e5gon f\u00f6r att visa hur man lustm\u00f6rdar och stelopererar ber\u00e4ttelsen om <em>Askungen<\/em>.<\/p>\n","protected":false},"excerpt":{"rendered":"<p>Power Point What\u00b4s the Point? S\u00e5 sa n\u00e5gon som tr\u00f6ttnade p\u00e5 alla h\u00f6gl\u00e4sningar fr\u00e5n bildsk\u00e4rmarna i konferensrummen. Och det kan ju faktiskt k\u00e4nnas ibland som att Power Pointpresentationen blir mer en snitslad bana \u00e5t f\u00f6rel\u00e4saren \u00e4n ett pedogogiskt hj\u00e4lpmedel som ska underl\u00e4tta och begripligg\u00f6ra. N\u00e4r skaparna av verktyget fick fr\u00e5gan vid Power Points 20-\u00e5rsjubileum \u00e5r&#8230;<\/p>\n","protected":false},"author":2,"featured_media":0,"comment_status":"open","ping_status":"open","sticky":false,"template":"","format":"standard","meta":[],"categories":[2],"tags":[],"_links":{"self":[{"href":"https:\/\/storytellers.se\/index.php?rest_route=\/wp\/v2\/posts\/3699"}],"collection":[{"href":"https:\/\/storytellers.se\/index.php?rest_route=\/wp\/v2\/posts"}],"about":[{"href":"https:\/\/storytellers.se\/index.php?rest_route=\/wp\/v2\/types\/post"}],"author":[{"embeddable":true,"href":"https:\/\/storytellers.se\/index.php?rest_route=\/wp\/v2\/users\/2"}],"replies":[{"embeddable":true,"href":"https:\/\/storytellers.se\/index.php?rest_route=%2Fwp%2Fv2%2Fcomments&post=3699"}],"version-history":[{"count":0,"href":"https:\/\/storytellers.se\/index.php?rest_route=\/wp\/v2\/posts\/3699\/revisions"}],"wp:attachment":[{"href":"https:\/\/storytellers.se\/index.php?rest_route=%2Fwp%2Fv2%2Fmedia&parent=3699"}],"wp:term":[{"taxonomy":"category","embeddable":true,"href":"https:\/\/storytellers.se\/index.php?rest_route=%2Fwp%2Fv2%2Fcategories&post=3699"},{"taxonomy":"post_tag","embeddable":true,"href":"https:\/\/storytellers.se\/index.php?rest_route=%2Fwp%2Fv2%2Ftags&post=3699"}],"curies":[{"name":"wp","href":"https:\/\/api.w.org\/{rel}","templated":true}]}}