{"id":3669,"date":"2013-09-19T20:47:58","date_gmt":"2013-09-19T18:47:58","guid":{"rendered":"http:\/\/storytellers.se\/?p=3669"},"modified":"2013-09-19T20:47:58","modified_gmt":"2013-09-19T18:47:58","slug":"podcast-nummer-1","status":"publish","type":"post","link":"https:\/\/storytellers.se\/?p=3669","title":{"rendered":"Podcast Nummer 1"},"content":{"rendered":"<p>Den f\u00f6rsta Podcasten fr\u00e5n Storytellers.se handlar lite om \u00e4mnet och vad jag rent allm\u00e4nt menar n\u00e4r jag talar om Storytelling i och om organisationer. Lyssna h\u00e4r om du \u00e4r intresserad. Tanken \u00e4r att det steg f\u00f6r steg ska komma Podcaster om Storytelling f\u00f6r den som \u00e4r intresserad av detta \u00e4mne.<\/p>\n<p>[soundcloud url=&#8221;http:\/\/api.soundcloud.com\/tracks\/111274548&#8243; params=&#8221;&#8221; width=&#8221; 100%&#8221; height=&#8221;166&#8243; iframe=&#8221;true&#8221; \/]<\/p>\n","protected":false},"excerpt":{"rendered":"<p>Den f\u00f6rsta Podcasten fr\u00e5n Storytellers.se handlar lite om \u00e4mnet och vad jag rent allm\u00e4nt menar n\u00e4r jag talar om Storytelling i och om organisationer. Lyssna h\u00e4r om du \u00e4r intresserad. Tanken \u00e4r att det steg f\u00f6r steg ska komma Podcaster om Storytelling f\u00f6r den som \u00e4r intresserad av detta \u00e4mne. [soundcloud url=&#8221;http:\/\/api.soundcloud.com\/tracks\/111274548&#8243; params=&#8221;&#8221; width=&#8221; 100%&#8221;&#8230;<\/p>\n","protected":false},"author":2,"featured_media":0,"comment_status":"open","ping_status":"open","sticky":false,"template":"","format":"standard","meta":[],"categories":[3],"tags":[],"_links":{"self":[{"href":"https:\/\/storytellers.se\/index.php?rest_route=\/wp\/v2\/posts\/3669"}],"collection":[{"href":"https:\/\/storytellers.se\/index.php?rest_route=\/wp\/v2\/posts"}],"about":[{"href":"https:\/\/storytellers.se\/index.php?rest_route=\/wp\/v2\/types\/post"}],"author":[{"embeddable":true,"href":"https:\/\/storytellers.se\/index.php?rest_route=\/wp\/v2\/users\/2"}],"replies":[{"embeddable":true,"href":"https:\/\/storytellers.se\/index.php?rest_route=%2Fwp%2Fv2%2Fcomments&post=3669"}],"version-history":[{"count":0,"href":"https:\/\/storytellers.se\/index.php?rest_route=\/wp\/v2\/posts\/3669\/revisions"}],"wp:attachment":[{"href":"https:\/\/storytellers.se\/index.php?rest_route=%2Fwp%2Fv2%2Fmedia&parent=3669"}],"wp:term":[{"taxonomy":"category","embeddable":true,"href":"https:\/\/storytellers.se\/index.php?rest_route=%2Fwp%2Fv2%2Fcategories&post=3669"},{"taxonomy":"post_tag","embeddable":true,"href":"https:\/\/storytellers.se\/index.php?rest_route=%2Fwp%2Fv2%2Ftags&post=3669"}],"curies":[{"name":"wp","href":"https:\/\/api.w.org\/{rel}","templated":true}]}}