{"id":3651,"date":"2013-09-16T13:03:56","date_gmt":"2013-09-16T11:03:56","guid":{"rendered":"http:\/\/storytellers.se\/?p=3651"},"modified":"2013-09-16T13:03:56","modified_gmt":"2013-09-16T11:03:56","slug":"i-vastervikstidningen","status":"publish","type":"post","link":"https:\/\/storytellers.se\/?p=3651","title":{"rendered":"Varje grupp beh\u00f6ver ber\u00e4tta"},"content":{"rendered":"<p>H\u00e4r handlade det b\u00e5de om organisationen och den personliga ber\u00e4ttelsen.<\/p>\n<p>Jag var h\u00e4romdagen i <em>Gamleby<\/em> d\u00e4r jag bes\u00f6kte folkh\u00f6gskolan. Gamleby ligger i <em>V\u00e4sterviks kommun<\/em> och ett 70-tal elever och l\u00e4rare fanns med n\u00e4r vi hade seminarier, workshop och sk\u00f6rdefest f\u00f6ljd av filmning av starka ber\u00e4ttelser och dessutom filmning av mig sj\u00e4lv d\u00e4r jag gav dem r\u00e5d om hur de ska bli en ber\u00e4ttande organisation och inte minst hur eleverna ska reflektera \u00f6ver sin egen ber\u00e4ttelse som kan underl\u00e4tta f\u00f6r dem n\u00e4r de s\u00f6ker sig ut p\u00e5 arbetsmarknaden. <strong>Ingrid Johansson Hjortvid<\/strong> vid<\/p>\n<p>V\u00e4sterviks tidning var d\u00e4r och <a title=\"Storytelling - v\u00e4sterviks tidning\" href=\"http:\/\/heijbel.files.wordpress.com\/2013\/09\/1787990_.pdf\" target=\"_blank\" rel=\"noopener\">publicerade i dag denna artikel\u00a0<\/a><\/p>\n","protected":false},"excerpt":{"rendered":"<p>H\u00e4r handlade det b\u00e5de om organisationen och den personliga ber\u00e4ttelsen. Jag var h\u00e4romdagen i Gamleby d\u00e4r jag bes\u00f6kte folkh\u00f6gskolan. Gamleby ligger i V\u00e4sterviks kommun och ett 70-tal elever och l\u00e4rare fanns med n\u00e4r vi hade seminarier, workshop och sk\u00f6rdefest f\u00f6ljd av filmning av starka ber\u00e4ttelser och dessutom filmning av mig sj\u00e4lv d\u00e4r jag gav dem&#8230;<\/p>\n","protected":false},"author":2,"featured_media":0,"comment_status":"open","ping_status":"open","sticky":false,"template":"","format":"standard","meta":[],"categories":[3],"tags":[],"_links":{"self":[{"href":"https:\/\/storytellers.se\/index.php?rest_route=\/wp\/v2\/posts\/3651"}],"collection":[{"href":"https:\/\/storytellers.se\/index.php?rest_route=\/wp\/v2\/posts"}],"about":[{"href":"https:\/\/storytellers.se\/index.php?rest_route=\/wp\/v2\/types\/post"}],"author":[{"embeddable":true,"href":"https:\/\/storytellers.se\/index.php?rest_route=\/wp\/v2\/users\/2"}],"replies":[{"embeddable":true,"href":"https:\/\/storytellers.se\/index.php?rest_route=%2Fwp%2Fv2%2Fcomments&post=3651"}],"version-history":[{"count":0,"href":"https:\/\/storytellers.se\/index.php?rest_route=\/wp\/v2\/posts\/3651\/revisions"}],"wp:attachment":[{"href":"https:\/\/storytellers.se\/index.php?rest_route=%2Fwp%2Fv2%2Fmedia&parent=3651"}],"wp:term":[{"taxonomy":"category","embeddable":true,"href":"https:\/\/storytellers.se\/index.php?rest_route=%2Fwp%2Fv2%2Fcategories&post=3651"},{"taxonomy":"post_tag","embeddable":true,"href":"https:\/\/storytellers.se\/index.php?rest_route=%2Fwp%2Fv2%2Ftags&post=3651"}],"curies":[{"name":"wp","href":"https:\/\/api.w.org\/{rel}","templated":true}]}}