{"id":3633,"date":"2013-08-27T11:34:29","date_gmt":"2013-08-27T09:34:29","guid":{"rendered":"http:\/\/storytellers.se\/?p=3633"},"modified":"2013-08-27T11:34:29","modified_gmt":"2013-08-27T09:34:29","slug":"bli-min-gast-11-september","status":"publish","type":"post","link":"https:\/\/storytellers.se\/?p=3633","title":{"rendered":"Bli min g\u00e4st 11 september"},"content":{"rendered":"<p>Den 11 september har jag ett av mina \u00e5terkommande kostnadsfria frukostseminarier i Stockholm. Det b\u00f6rjar med mingel och fika fr\u00e5n 08.30, f\u00f6rel\u00e4sning mellan 09.00-10.00 och m\u00f6jlighet till eftersnack mellan 10.00-10.30. Du \u00e4r v\u00e4lkommen som min g\u00e4st om du mejlar \u201d<em>Ja tack 11 september<\/em>\u201d till matts@storytellers.se och ber\u00e4ttar n\u00e5gon rad om vem du \u00e4r. Jag \u00e5terkommer med adress (Krukmakargatan 22 p\u00e5 S\u00f6der) kod m m n\u00e4r det drar ihop sig. Jag ber\u00e4ttar om Storytelling och visar n\u00e5gra korta filmade exempel. Anm\u00e4l dig bara om du har f\u00f6r avsikt att verkligen komma eftersom det \u00e4r begr\u00e4nsat med platser i v\u00e5ra konferensutrymmen.<\/p>\n","protected":false},"excerpt":{"rendered":"<p>Den 11 september har jag ett av mina \u00e5terkommande kostnadsfria frukostseminarier i Stockholm. Det b\u00f6rjar med mingel och fika fr\u00e5n 08.30, f\u00f6rel\u00e4sning mellan 09.00-10.00 och m\u00f6jlighet till eftersnack mellan 10.00-10.30. Du \u00e4r v\u00e4lkommen som min g\u00e4st om du mejlar \u201dJa tack 11 september\u201d till matts@storytellers.se och ber\u00e4ttar n\u00e5gon rad om vem du \u00e4r. Jag \u00e5terkommer&#8230;<\/p>\n","protected":false},"author":2,"featured_media":0,"comment_status":"open","ping_status":"open","sticky":false,"template":"","format":"standard","meta":[],"categories":[9],"tags":[],"_links":{"self":[{"href":"https:\/\/storytellers.se\/index.php?rest_route=\/wp\/v2\/posts\/3633"}],"collection":[{"href":"https:\/\/storytellers.se\/index.php?rest_route=\/wp\/v2\/posts"}],"about":[{"href":"https:\/\/storytellers.se\/index.php?rest_route=\/wp\/v2\/types\/post"}],"author":[{"embeddable":true,"href":"https:\/\/storytellers.se\/index.php?rest_route=\/wp\/v2\/users\/2"}],"replies":[{"embeddable":true,"href":"https:\/\/storytellers.se\/index.php?rest_route=%2Fwp%2Fv2%2Fcomments&post=3633"}],"version-history":[{"count":0,"href":"https:\/\/storytellers.se\/index.php?rest_route=\/wp\/v2\/posts\/3633\/revisions"}],"wp:attachment":[{"href":"https:\/\/storytellers.se\/index.php?rest_route=%2Fwp%2Fv2%2Fmedia&parent=3633"}],"wp:term":[{"taxonomy":"category","embeddable":true,"href":"https:\/\/storytellers.se\/index.php?rest_route=%2Fwp%2Fv2%2Fcategories&post=3633"},{"taxonomy":"post_tag","embeddable":true,"href":"https:\/\/storytellers.se\/index.php?rest_route=%2Fwp%2Fv2%2Ftags&post=3633"}],"curies":[{"name":"wp","href":"https:\/\/api.w.org\/{rel}","templated":true}]}}