{"id":3612,"date":"2013-08-19T10:05:03","date_gmt":"2013-08-19T08:05:03","guid":{"rendered":"http:\/\/storytellers.se\/?p=3612"},"modified":"2013-08-19T10:05:03","modified_gmt":"2013-08-19T08:05:03","slug":"den-enskildes-personliga-berattelse","status":"publish","type":"post","link":"https:\/\/storytellers.se\/?p=3612","title":{"rendered":"Den enskildes personliga ber\u00e4ttelse"},"content":{"rendered":"<p>N\u00e4r jag \u00e4r inbjuden till ett f\u00f6retag eller en organisation f\u00f6r att s\u00f6ka och sk\u00f6rda ber\u00e4ttelser passa jag ocks\u00e5 ofta p\u00e5 att leta efter medarbetarnas egna personliga ber\u00e4ttelser visavi organisationen \u2013 eller kundernas, brukarnas, klienternas enskilda ber\u00e4ttelser \u2013 beroende p\u00e5 uppl\u00e4gget. Jag ser d\u00e5 individen som en pusselbit i det samlade varum\u00e4rket som ska odlas och befolkas med h\u00e4ndelser.<br \/>\n<em>\u2022 Varf\u00f6r \u00e4r du h\u00e4r?<\/em><br \/>\n<em>\u2022 Vad kommer du aldrig att gl\u00f6mma om denna verksamhet \/ produkt \/ tj\u00e4nst?<\/em><br \/>\n<em>\u2022 Vad var det som gjorde att du s\u00f6kte dig till denna del av arbetslivet alternativt anv\u00e4nde denna vara \/ tj\u00e4nst?<\/em><br \/>\nJag lovar att det finns m\u00e5nga s\u00e5dana personliga ber\u00e4ttelser om h\u00e4ndelser som kan l\u00e4ra \u00f6vriga organisationen och g\u00f6ra nytta i rekrytering, ledarskap och marknadsf\u00f6ring. Jag menar inte vanliga sm\u00e5 personportr\u00e4tt om en medarbetare som har tv\u00e5 barn och tycker om att segla p\u00e5 fritiden och liknande utan det ska vara kopplat till verksamheten.<br \/>\nDet ska vara andekdotiska ber\u00e4ttelser om enskilda h\u00e4ndelser som haft betydelse f\u00f6r en m\u00e4nniska kopplade till detta specifika varum\u00e4rke.<\/p>\n<p>Magiska \u00f6gonblick.<\/p>\n<div id=\"jp-post-flair\">\n<div>\n<div>\n<h3>Dela:<\/h3>\n<div><\/div>\n<\/div>\n<\/div>\n<\/div>\n","protected":false},"excerpt":{"rendered":"<p>N\u00e4r jag \u00e4r inbjuden till ett f\u00f6retag eller en organisation f\u00f6r att s\u00f6ka och sk\u00f6rda ber\u00e4ttelser passa jag ocks\u00e5 ofta p\u00e5 att leta efter medarbetarnas egna personliga ber\u00e4ttelser visavi organisationen \u2013 eller kundernas, brukarnas, klienternas enskilda ber\u00e4ttelser \u2013 beroende p\u00e5 uppl\u00e4gget. Jag ser d\u00e5 individen som en pusselbit i det samlade varum\u00e4rket som ska odlas&#8230;<\/p>\n","protected":false},"author":2,"featured_media":0,"comment_status":"open","ping_status":"open","sticky":false,"template":"","format":"standard","meta":[],"categories":[2],"tags":[],"_links":{"self":[{"href":"https:\/\/storytellers.se\/index.php?rest_route=\/wp\/v2\/posts\/3612"}],"collection":[{"href":"https:\/\/storytellers.se\/index.php?rest_route=\/wp\/v2\/posts"}],"about":[{"href":"https:\/\/storytellers.se\/index.php?rest_route=\/wp\/v2\/types\/post"}],"author":[{"embeddable":true,"href":"https:\/\/storytellers.se\/index.php?rest_route=\/wp\/v2\/users\/2"}],"replies":[{"embeddable":true,"href":"https:\/\/storytellers.se\/index.php?rest_route=%2Fwp%2Fv2%2Fcomments&post=3612"}],"version-history":[{"count":0,"href":"https:\/\/storytellers.se\/index.php?rest_route=\/wp\/v2\/posts\/3612\/revisions"}],"wp:attachment":[{"href":"https:\/\/storytellers.se\/index.php?rest_route=%2Fwp%2Fv2%2Fmedia&parent=3612"}],"wp:term":[{"taxonomy":"category","embeddable":true,"href":"https:\/\/storytellers.se\/index.php?rest_route=%2Fwp%2Fv2%2Fcategories&post=3612"},{"taxonomy":"post_tag","embeddable":true,"href":"https:\/\/storytellers.se\/index.php?rest_route=%2Fwp%2Fv2%2Ftags&post=3612"}],"curies":[{"name":"wp","href":"https:\/\/api.w.org\/{rel}","templated":true}]}}