{"id":3607,"date":"2013-08-09T10:49:50","date_gmt":"2013-08-09T08:49:50","guid":{"rendered":"http:\/\/storytellers.se\/?p=3607"},"modified":"2013-08-09T10:49:50","modified_gmt":"2013-08-09T08:49:50","slug":"5-filmer-pa-en-dag-2","status":"publish","type":"post","link":"https:\/\/storytellers.se\/?p=3607","title":{"rendered":"5 filmer p\u00e5 en dag"},"content":{"rendered":"<header>\n<h1><span class=\"Apple-style-span\" style=\"color:#666666;font-size:13px;font-weight:300;\">Jag har ett helt fungerande koncept d\u00e4r ditt f\u00f6retag eller din organisation f\u00e5r fram cirka 5 filmade stories p\u00e5 en dag. Korta ber\u00e4ttande filmer aprop\u00e5 organisationen eller dess varor och tj\u00e4nster. Ber\u00e4ttade av traditionsb\u00e4raren utan manus och utan sk\u00e5despelare produceras filmerna \u00a0samband med en work shop. Den som har storyn ber\u00e4ttar sj\u00e4lv, coachad av mig. Det sker efter att jag via inspirationsf\u00f6rel\u00e4sning, workshop och sk\u00f6rdefest f\u00e5tt fram ber\u00e4ttelser som sen allts\u00e5 direkt filmas med hj\u00e4lp av en professionell filmare som arbetar enligt <em>Heijbelmodellen<\/em>. Redan samma dag eller dagen efter kan, om man s\u00e5 \u00f6nskar, filmerna publiceras p\u00e5 webben, intran\u00e4tet eller i annat medium med loggor och rubriker p\u00e5 plats.<\/span><\/h1>\n<\/header>\n<div>\n<div>\n<p>Vill du veta mer? Kontakta mig p\u00e5\u00a0<a href=\"mailto:matts@storytellers.se\">matts@storytellers.se<\/a><\/p>\n<div id=\"jp-post-flair\">\n<div>\n<div>\n<div><\/div>\n<\/div>\n<\/div>\n<\/div>\n<\/div>\n<\/div>\n","protected":false},"excerpt":{"rendered":"<p>Jag har ett helt fungerande koncept d\u00e4r ditt f\u00f6retag eller din organisation f\u00e5r fram cirka 5 filmade stories p\u00e5 en dag. Korta ber\u00e4ttande filmer aprop\u00e5 organisationen eller dess varor och tj\u00e4nster. Ber\u00e4ttade av traditionsb\u00e4raren utan manus och utan sk\u00e5despelare produceras filmerna \u00a0samband med en work shop. Den som har storyn ber\u00e4ttar sj\u00e4lv, coachad av mig&#8230;.<\/p>\n","protected":false},"author":2,"featured_media":0,"comment_status":"open","ping_status":"open","sticky":false,"template":"","format":"standard","meta":[],"categories":[2],"tags":[],"_links":{"self":[{"href":"https:\/\/storytellers.se\/index.php?rest_route=\/wp\/v2\/posts\/3607"}],"collection":[{"href":"https:\/\/storytellers.se\/index.php?rest_route=\/wp\/v2\/posts"}],"about":[{"href":"https:\/\/storytellers.se\/index.php?rest_route=\/wp\/v2\/types\/post"}],"author":[{"embeddable":true,"href":"https:\/\/storytellers.se\/index.php?rest_route=\/wp\/v2\/users\/2"}],"replies":[{"embeddable":true,"href":"https:\/\/storytellers.se\/index.php?rest_route=%2Fwp%2Fv2%2Fcomments&post=3607"}],"version-history":[{"count":0,"href":"https:\/\/storytellers.se\/index.php?rest_route=\/wp\/v2\/posts\/3607\/revisions"}],"wp:attachment":[{"href":"https:\/\/storytellers.se\/index.php?rest_route=%2Fwp%2Fv2%2Fmedia&parent=3607"}],"wp:term":[{"taxonomy":"category","embeddable":true,"href":"https:\/\/storytellers.se\/index.php?rest_route=%2Fwp%2Fv2%2Fcategories&post=3607"},{"taxonomy":"post_tag","embeddable":true,"href":"https:\/\/storytellers.se\/index.php?rest_route=%2Fwp%2Fv2%2Ftags&post=3607"}],"curies":[{"name":"wp","href":"https:\/\/api.w.org\/{rel}","templated":true}]}}