{"id":3580,"date":"2013-07-30T14:00:20","date_gmt":"2013-07-30T12:00:20","guid":{"rendered":"http:\/\/storytellers.se\/?p=3580"},"modified":"2013-07-30T14:00:20","modified_gmt":"2013-07-30T12:00:20","slug":"utan-berattelser-finns-vi-inte","status":"publish","type":"post","link":"https:\/\/storytellers.se\/?p=3580","title":{"rendered":"Utan ber\u00e4ttelser finns vi inte"},"content":{"rendered":"<p>Som f\u00f6rfattare och journalist har jag f\u00f6rst\u00e5s arbetat med ber\u00e4ttelser i hela mitt liv. Min socialantropologiska bakgrund g\u00f6r ocks\u00e5 att det f\u00f6r mig \u00e4r n\u00e4rmast en naturlag att alla m\u00e4nskliga sammanhang b\u00e4rs av ber\u00e4ttelser och anekdoter. Det finns d\u00e4rf\u00f6r f\u00f6rst\u00e5s \u00e4ven f\u00f6retags- och organisationsfolklore, som jag valt att kalla det.<\/p>\n<p>All folklore str\u00e4var ytterst efter gruppens \u00f6verlevnad och i f\u00f6retagssammanhang inneb\u00e4r det att st\u00f6dja rekrytering, produktion och s\u00e4lj.<\/p>\n<p>P\u00e5 senare \u00e5r talas det st\u00e4ndigt om ber\u00e4ttelsen. Partier beh\u00f6ver en fungerande ( f\u00f6r 2010-talet ) ber\u00e4ttelse, ideella organisationer och samfund likas\u00e5. Personliga varum\u00e4rken beh\u00f6ver ocks\u00e5 ber\u00e4ttelser f\u00f6r att bli synliga och begripliga liksom varor och tj\u00e4nster i sig beh\u00f6ver ber\u00e4ttelser. Medvetenheten om de h\u00e4r tankarna har \u00f6kat markant sen jag b\u00f6rjade f\u00f6r snart 15 \u00e5r sen,<\/p>\n<p>Tror vi p\u00e5 dessa perspektiv s\u00e5 \u00e4r det bara att b\u00f6rja s\u00f6ka, sk\u00f6rda och anv\u00e4nda ber\u00e4ttelserna. Vi kan ocks\u00e5 agera p\u00e5 ett s\u00e4tt, till och med regissera oss, f\u00f6r att bygga verkliga ber\u00e4ttelser om och aprop\u00e5 den verksamhet som vi vill stimulera med <strong><em>Corporate Storytelling<\/em><\/strong>.<\/p>\n<p>Det \u00e4r d\u00e4r\u00a0<em>Storytellers Heijbel &amp; Co<\/em> har sin mission och sin id\u00e9 att verka.<\/p>\n","protected":false},"excerpt":{"rendered":"<p>Som f\u00f6rfattare och journalist har jag f\u00f6rst\u00e5s arbetat med ber\u00e4ttelser i hela mitt liv. Min socialantropologiska bakgrund g\u00f6r ocks\u00e5 att det f\u00f6r mig \u00e4r n\u00e4rmast en naturlag att alla m\u00e4nskliga sammanhang b\u00e4rs av ber\u00e4ttelser och anekdoter. Det finns d\u00e4rf\u00f6r f\u00f6rst\u00e5s \u00e4ven f\u00f6retags- och organisationsfolklore, som jag valt att kalla det. All folklore str\u00e4var ytterst efter&#8230;<\/p>\n","protected":false},"author":2,"featured_media":0,"comment_status":"open","ping_status":"open","sticky":false,"template":"","format":"standard","meta":[],"categories":[2],"tags":[],"_links":{"self":[{"href":"https:\/\/storytellers.se\/index.php?rest_route=\/wp\/v2\/posts\/3580"}],"collection":[{"href":"https:\/\/storytellers.se\/index.php?rest_route=\/wp\/v2\/posts"}],"about":[{"href":"https:\/\/storytellers.se\/index.php?rest_route=\/wp\/v2\/types\/post"}],"author":[{"embeddable":true,"href":"https:\/\/storytellers.se\/index.php?rest_route=\/wp\/v2\/users\/2"}],"replies":[{"embeddable":true,"href":"https:\/\/storytellers.se\/index.php?rest_route=%2Fwp%2Fv2%2Fcomments&post=3580"}],"version-history":[{"count":0,"href":"https:\/\/storytellers.se\/index.php?rest_route=\/wp\/v2\/posts\/3580\/revisions"}],"wp:attachment":[{"href":"https:\/\/storytellers.se\/index.php?rest_route=%2Fwp%2Fv2%2Fmedia&parent=3580"}],"wp:term":[{"taxonomy":"category","embeddable":true,"href":"https:\/\/storytellers.se\/index.php?rest_route=%2Fwp%2Fv2%2Fcategories&post=3580"},{"taxonomy":"post_tag","embeddable":true,"href":"https:\/\/storytellers.se\/index.php?rest_route=%2Fwp%2Fv2%2Ftags&post=3580"}],"curies":[{"name":"wp","href":"https:\/\/api.w.org\/{rel}","templated":true}]}}