{"id":3574,"date":"2013-07-29T10:31:39","date_gmt":"2013-07-29T08:31:39","guid":{"rendered":"http:\/\/storytellers.se\/?p=3574"},"modified":"2013-07-29T10:31:39","modified_gmt":"2013-07-29T08:31:39","slug":"vandringssagner","status":"publish","type":"post","link":"https:\/\/storytellers.se\/?p=3574","title":{"rendered":"Vandringss\u00e4gner"},"content":{"rendered":"<p>Jag bor p\u00e5 landsbygden n\u00e5gra mil utanf\u00f6r Stockholm. Jag minns n\u00e4r en av mina s\u00f6ner gick i den lokala byskolan att f\u00f6r\u00e4ldrarna skickade ut papper som ber\u00e4ttade att knarklangare kunde st\u00e5 utanf\u00f6r skolan och bjuda barnen p\u00e5 godis som var spetsat med knark. Tanken var att de 8-10-\u00e5riga barnen skulle bli beroende och fram\u00f6ver d\u00e4rmed utg\u00f6ra en marknad f\u00f6r knarklangarna.<\/p>\n<p>Det kan ju bara inte vara sant, t\u00e4nkte jag. En vandringss\u00e4gen \u00e4r det f\u00f6rst\u00e5s, en s\u00e5 kallad <strong>Klintbergare<\/strong>\u00a0 typ\u00a0<em>r\u00e5ttan i pizzan<\/em>.<\/p>\n<p>Nu l\u00e4ser jag en text i Expressen om vandringss\u00e4gner. Rubriken \u00e4r: <strong><em>Det \u00e4r inte alltid som vi tror<\/em><\/strong>.<\/p>\n<p>H\u00e4stpl\u00e5geriber\u00e4ttelser som av veterin\u00e4rer som f\u00f6rklaras med att kl\u00e5da har f\u00e5tt h\u00e4starna att skada sig sj\u00e4lva. Eller att de sparkats av andra h\u00e4star. Att varje tassande katt inte \u00e4r en \u00f6vergiven sommarkatt. Att hundar som f\u00f6rsvinner kanske inte alls har exporterats f\u00f6r att bli kamphundar \u00f6sterut. Att vita sk\u00e5pbilar kanske inte \u00e4r ute f\u00f6r att r\u00f6va bort sm\u00e5barn.<\/p>\n<p>F\u00f6r mig som storyteller \/ storylistener visar detta f\u00f6rst\u00e5s ber\u00e4ttelsens kraft. I det h\u00e4r fallet handlar det om att tygla v\u00e5ra r\u00e4dslor. Men ur ett Corporate Storytelling-perspektiv blir det uppenbart att ber\u00e4ttarkraften ska hanteras varsamt och bygga p\u00e5 sanna ber\u00e4ttelser om verkligheten. \u00c4ven om det ibland handlar om v\u00e5ra r\u00e4dslor.<\/p>\n<p>Vi tyglar kraften och anv\u00e4nder den f\u00f6r v\u00e5ra strategiska syften &#8211; utan att ljuga. Men vi vill f\u00f6rst\u00e5s ocks\u00e5 att v\u00e5ra Corporate stories ska spridas med vinden och p\u00e5verka snacket.<\/p>\n<p>H\u00e4r \u00e4r texten i Expressen:\u00a0http:\/\/www.expressen.se\/ledare\/det-ar-inte-alltid-sa-illa-som-vi-manniskor-tror\/<\/p>\n","protected":false},"excerpt":{"rendered":"<p>Jag bor p\u00e5 landsbygden n\u00e5gra mil utanf\u00f6r Stockholm. Jag minns n\u00e4r en av mina s\u00f6ner gick i den lokala byskolan att f\u00f6r\u00e4ldrarna skickade ut papper som ber\u00e4ttade att knarklangare kunde st\u00e5 utanf\u00f6r skolan och bjuda barnen p\u00e5 godis som var spetsat med knark. Tanken var att de 8-10-\u00e5riga barnen skulle bli beroende och fram\u00f6ver d\u00e4rmed&#8230;<\/p>\n","protected":false},"author":2,"featured_media":0,"comment_status":"open","ping_status":"open","sticky":false,"template":"","format":"standard","meta":[],"categories":[2],"tags":[],"_links":{"self":[{"href":"https:\/\/storytellers.se\/index.php?rest_route=\/wp\/v2\/posts\/3574"}],"collection":[{"href":"https:\/\/storytellers.se\/index.php?rest_route=\/wp\/v2\/posts"}],"about":[{"href":"https:\/\/storytellers.se\/index.php?rest_route=\/wp\/v2\/types\/post"}],"author":[{"embeddable":true,"href":"https:\/\/storytellers.se\/index.php?rest_route=\/wp\/v2\/users\/2"}],"replies":[{"embeddable":true,"href":"https:\/\/storytellers.se\/index.php?rest_route=%2Fwp%2Fv2%2Fcomments&post=3574"}],"version-history":[{"count":0,"href":"https:\/\/storytellers.se\/index.php?rest_route=\/wp\/v2\/posts\/3574\/revisions"}],"wp:attachment":[{"href":"https:\/\/storytellers.se\/index.php?rest_route=%2Fwp%2Fv2%2Fmedia&parent=3574"}],"wp:term":[{"taxonomy":"category","embeddable":true,"href":"https:\/\/storytellers.se\/index.php?rest_route=%2Fwp%2Fv2%2Fcategories&post=3574"},{"taxonomy":"post_tag","embeddable":true,"href":"https:\/\/storytellers.se\/index.php?rest_route=%2Fwp%2Fv2%2Ftags&post=3574"}],"curies":[{"name":"wp","href":"https:\/\/api.w.org\/{rel}","templated":true}]}}